{"1228631":{"titulo":"S\u00e9rie C: Manaus-AM \u00e9 outro desde a chegada de Evaristo Piza e busca mais uma vit\u00f3ria","link":"https:\/\/www.futebolinterior.com.br\/serie-c-manaus-am-e-outro-desde-a-chegada-de-evaristo-piza-e-busca-mais-uma-vitoria\/","chapeu":"CONFIAN\u00c7A","data":"10\/08\/2021","imagem":"https:\/\/images.futebolinterior.com.br\/2021\/08\/manaus-5-300x188.jpg","resumo":"Gavi\u00e3o \u00e9 o vice-l\u00edder no Grupo A"},"1227767":{"titulo":"S\u00e9rie C: T\u00e9cnico do Volta Redonda analisa rev\u00e9s e projeta sequ\u00eancia de jogos em casa","link":"https:\/\/www.futebolinterior.com.br\/serie-c-tecnico-do-volta-redonda-analisa-reves-e-projeta-sequencia-de-jogos-em-casa\/","chapeu":"AN\u00c1LISE","data":"10\/08\/2021","imagem":"https:\/\/images.futebolinterior.com.br\/2021\/08\/M2G6432-scaled-1-300x200.jpg","resumo":""},"1227673":{"titulo":"S\u00e9rie C: Promessa do Botafogo-SP aparece nos holofotes em meio a grandes nomes","link":"https:\/\/www.futebolinterior.com.br\/serie-c-promessa-do-botafogo-sp-aparece-nos-holofotes-em-meio-grandes-nomes\/","chapeu":"ESTRELA DA BASE","data":"10\/08\/2021","imagem":"https:\/\/images.futebolinterior.com.br\/2021\/08\/botafogo-4-300x200.jpg","resumo":"Jovem fez a estreia entre os titulares na \u00faltima rodada"},"1226797":{"titulo":"S\u00e9rie C: T\u00e9cnico Pingo analisa empate e pede para que S\u00e3o Jos\u00e9-RS use duelo como aprendizado","link":"https:\/\/www.futebolinterior.com.br\/serie-c-tecnico-pingo-analisa-empate-e-pede-para-que-sao-jose-rs-use-duelo-como-aprendizado\/","chapeu":"PUTZ","data":"10\/08\/2021","imagem":"https:\/\/images.futebolinterior.com.br\/2021\/08\/E8ZV1ecXsBMkYwL-300x189.jpg","resumo":""},"1224891":{"titulo":"S\u00e9rie C: Uma semana ap\u00f3s deixar o Figueirense, zagueiro \u00e9 apresentado em time europeu","link":"https:\/\/www.futebolinterior.com.br\/serie-c-uma-semana-apos-deixar-o-figueirense-zagueiro-e-apresentado-em-time-europeu\/","chapeu":"NOVOS \u00c1RES","data":"10\/08\/2021","imagem":"https:\/\/images.futebolinterior.com.br\/2021\/08\/Screenshot-2021-08-10-at-15-16-19-Apos-deixar-o-Figueirense-Paulo-Ricardo-acerta-com-clube-da-Finlandia-300x200.png","resumo":""},"1224829":{"titulo":"S\u00e9rie C: A dist\u00e2ncia \u00e9 grande, mas Mirassol-SP ainda acredita na classifica\u00e7\u00e3o: 'L\u00f3gico que \u00e9 poss\u00edvel'","link":"https:\/\/www.futebolinterior.com.br\/serie-c-a-distancia-e-grande-mas-mirassol-sp-ainda-acredita-na-classificacao-logico-que-e-possivel\/","chapeu":"'\u00c9 POSS\u00cdVEL'","data":"10\/08\/2021","imagem":"https:\/\/images.futebolinterior.com.br\/2021\/08\/mirassol-2-300x300.jpg","resumo":"Sequ\u00eancia com dois jogos em casa \u00e9 a esperan\u00e7a de engrenar"},"1218067":{"titulo":"S\u00e9rie C: Preparador de goleiro chega a 200 jogos no Novorizontino e recebe homenagem","link":"https:\/\/www.futebolinterior.com.br\/serie-c-preparador-de-goleiro-chega-a-200-jogos-no-novorizontino-e-recebe-homenagem\/","chapeu":"A\u00cd SIM","data":"10\/08\/2021","imagem":"https:\/\/images.futebolinterior.com.br\/2021\/08\/WhatsApp-Image-2021-08-10-at-10.05.02-300x225.jpeg","resumo":""},"1217741":{"titulo":"S\u00e9rie C: Goleiro do Ituano analisa empate em duelo direto pelo G4: 'Caminho certo'","link":"https:\/\/www.futebolinterior.com.br\/serie-c-goleiro-do-ituano-analisa-empate-em-duelo-direto-pelo-g4-caminho-certo\/","chapeu":"T\u00c1 BOM","data":"10\/08\/2021","imagem":"https:\/\/images.futebolinterior.com.br\/2021\/08\/E8NoC5GWEAghOie-300x274.jpg","resumo":""},"1216003":{"titulo":"Time que briga contra o rebaixamento da S\u00e9rie C elege novo presidente","link":"https:\/\/www.futebolinterior.com.br\/time-que-briga-contra-o-rebaixamento-da-serie-c-elege-novo-presidente\/","chapeu":"MUDAN\u00c7AS","data":"10\/08\/2021","imagem":"https:\/\/images.futebolinterior.com.br\/2021\/08\/Screenshot-2021-08-10-at-11-01-12-Rubens-Ferreira-evita-promessas-no-Parana-Clube-e-pede-paciencia-Nao-e-trabalho-de-curto-...-300x224.png","resumo":""},"1215049":{"titulo":"Artilheiro da S\u00e9rie C entra na mira de time da S\u00e9rie B. Saiba qual!","link":"https:\/\/www.futebolinterior.com.br\/artilheiro-da-serie-c-entra-na-mira-de-time-da-serie-b-saiba-qual\/","chapeu":"MERCADO","data":"10\/08\/2021","imagem":"https:\/\/images.futebolinterior.com.br\/2021\/08\/B98AD2C5-DB26-4532-B9B7-C4312CC609D4-1024x682-1-300x200.jpeg","resumo":""}}