{"1317810":{"titulo":"S\u00e9rie C: Meio-campista explica melhora do Manaus-AM ap\u00f3s troca de treinadores: 'Mudou o esp\u00edrito'","link":"https:\/\/www.futebolinterior.com.br\/serie-c-meio-campista-explica-melhora-do-manaus-am-apos-troca-de-treinadores-mudou-o-espirito\/","chapeu":"MANAUS CRESCE","data":"12\/08\/2021","imagem":"https:\/\/images.futebolinterior.com.br\/2021\/08\/Manaus-300x200.jpeg","resumo":"Gavi\u00e3o alcan\u00e7ou a vice-lideran\u00e7a sob o comando de Evaristo Piza"},"1315914":{"titulo":"Ypiranga-RS x Crici\u00fama-SC - Concorrentes de olho e na d\u00favida por torcida","link":"https:\/\/www.futebolinterior.com.br\/ypiranga-rs-x-criciuma-sc-concorrentes-de-olho-e-na-duvida-por-torcida\/","chapeu":"ATRA\u00c7\u00c3O DA SEXTA","data":"12\/08\/2021","imagem":"https:\/\/images.futebolinterior.com.br\/2021\/08\/criciuma-1-e1628809318667-300x229.jpg","resumo":"Partida ser\u00e1 disputa nesta sexta-feira, \u00e0s 20 horas, no Colosso da Lagoa"},"1315734":{"titulo":"S\u00e9rie C: Novorizontino-SP n\u00e3o prev\u00ea partida f\u00e1cil contra lanterna, pelo contr\u00e1rio: 'Convic\u00e7\u00e3o de que ser\u00e1 muito dura'","link":"https:\/\/www.futebolinterior.com.br\/serie-c-novorizontino-sp-nao-preve-partida-facil-contra-lanterna-pelo-contrario-conviccao-de-que-sera-muito-dura\/","chapeu":"NADA DE MOLEZA","data":"12\/08\/2021","imagem":"https:\/\/images.futebolinterior.com.br\/2021\/08\/TREINO1208-300x225.jpg","resumo":"Time est\u00e1 prestes a encerrar prepara\u00e7\u00e3o para pr\u00f3xima rodada"},"1313999":{"titulo":"S\u00e9rie C: Novo lateral tem tudo para estrear pelo Paysandu-PA","link":"https:\/\/www.futebolinterior.com.br\/serie-c-novo-lateral-tem-tudo-para-estrear-pelo-paysandu-pa\/","chapeu":"ESTREIA ","data":"12\/08\/2021","imagem":"https:\/\/images.futebolinterior.com.br\/2021\/08\/papao-300x200.jpg","resumo":"Leandro Silva estava na S\u00e9rie B"},"1313516":{"titulo":"S\u00e9rie C: Treinador n\u00e3o define Crici\u00fama para confronto direto","link":"https:\/\/www.futebolinterior.com.br\/serie-c-treinador-nao-define-criciuma-para-confronto-direto\/","chapeu":"QUEM JOGA?","data":"12\/08\/2021","imagem":"https:\/\/images.futebolinterior.com.br\/2021\/08\/criciuma011-300x199.jpg","resumo":""},"1312998":{"titulo":"S\u00e9rie C: Paran\u00e1-PR tem desfalque importante para sair da zona de rebaixamento","link":"https:\/\/www.futebolinterior.com.br\/serie-c-parana-pr-tem-desfalque-importante-para-sair-da-zona-de-rebaixamento\/","chapeu":"SUSPENSO","data":"12\/08\/2021","imagem":"https:\/\/images.futebolinterior.com.br\/2021\/08\/parana-1-300x200.jpg","resumo":"Meio-campista foi titular durante toda a temporada"},"1312468":{"titulo":"S\u00e9rie C: Parceiro do Figueirense banca a perman\u00eancia de Jorginho e alfineta torcedores","link":"https:\/\/www.futebolinterior.com.br\/serie-c-parceiro-do-figueirense-banca-a-permanencia-de-jorginho-e-alfineta-torcedores\/","chapeu":"BANCADO!","data":"12\/08\/2021","imagem":"https:\/\/images.futebolinterior.com.br\/2021\/08\/Figueirense_Jorginho-1-300x200.jpg","resumo":""},"1311029":{"titulo":"S\u00e9rie C: Altos-PI deve continuar com aus\u00eancia na defesa","link":"https:\/\/www.futebolinterior.com.br\/serie-c-altos-pi-deve-continuar-com-ausencia-na-defesa\/","chapeu":"SEGUE DE FORA","data":"12\/08\/2021","imagem":"https:\/\/images.futebolinterior.com.br\/2021\/08\/ALTOS-300x200.jpg","resumo":"Lucas do Carmo n\u00e3o entrou em campo na \u00faltima rodada"},"1307904":{"titulo":"S\u00e9rie C: Mesmo na lideran\u00e7a, meia do Botafogo-PB garante que vai continuar com foco total","link":"https:\/\/www.futebolinterior.com.br\/serie-c-mesmo-na-lideranca-meia-do-botafogo-pb-garante-que-vai-continuar-com-foco-total\/","chapeu":"P\u00c9S NO CH\u00c3O","data":"12\/08\/2021","imagem":"https:\/\/images.futebolinterior.com.br\/2021\/08\/esquerdinha1-300x200.jpeg","resumo":""},"1310908":{"titulo":"Tradicional time nordestino tenta evitar leil\u00e3o do est\u00e1dio por d\u00edvidas","link":"https:\/\/www.futebolinterior.com.br\/tradicional-time-nordestino-tenta-evitar-leilao-do-estadio-por-dividas\/","chapeu":"EITA","data":"12\/08\/2021","imagem":"https:\/\/images.futebolinterior.com.br\/2021\/08\/arruda01-300x190.jpg","resumo":""}}