{"710780":{"titulo":"Campe\u00e3o mundial pelo Inter-RS \u00e9 o convidado do Hora do Jogo","link":"https:\/\/www.futebolinterior.com.br\/campeao-mundial-pelo-inter-rs-e-o-convidado-do-hora-do-jogo\/","chapeu":"J\u00c1 \u00c9 UM SUCESSO!","data":"08\/08\/2014","imagem":0,"resumo":"Ap\u00f3s o sucesso na estr\u00e9ia no \u00faltimo final de semana, o programa Hora do Jogo promete manter a escrita neste s\u00e1bado ao meio-dia com um convidado super especial. \r\n\r\nA dupla Carlos Edu"},"710797":{"titulo":"S\u00e9rie C: Luciano Dias comanda treino do Cuiab\u00e1 e mant\u00e9m d\u00favida no meio","link":"https:\/\/www.futebolinterior.com.br\/serie-c-luciano-dias-comanda-treino-do-cuiaba-e-mantem-duvida-no-meio\/","chapeu":"QUEM JOGA?","data":"08\/08\/2014","imagem":"https:\/\/images.futebolinterior.com.br\/2021\/05\/0002050019565_img.jpg","resumo":"Treinando em Gama para o confronto de s\u00e1bado contra o Crac, em Catal\u00e3o pela S\u00e9rie C, o t\u00e9cnico Luciano Dias pode fazer mudan\u00e7as no time do Cuiab\u00e1. "},"710802":{"titulo":"S\u00e9rie C: Leleco n\u00e3o treina e vira d\u00favida no Guarani","link":"https:\/\/www.futebolinterior.com.br\/serie-c-leleco-nao-treina-e-vira-duvida-no-guarani\/","chapeu":"E AGORA?","data":"08\/08\/2014","imagem":"https:\/\/images.futebolinterior.com.br\/2021\/05\/0002050019557_img-300x172.jpg","resumo":"O Guarani pode ter um desfalque para o jogo contra o S\u00e3o Caetano, domingo, no Brinco de Ouro, pela 10\u00aa rodada da S\u00e9rie C, j\u00e1 que Leleco est\u00e1 com uma les\u00e3o muscular."},"710809":{"titulo":"S\u00e9rie C: Com retorno de Magal, Mogi Mirim mant\u00e9m d\u00favida no ataque","link":"https:\/\/www.futebolinterior.com.br\/serie-c-com-retorno-de-magal-mogi-mirim-mantem-duvida-no-ataque\/","chapeu":"DE VOLTA!","data":"08\/08\/2014","imagem":"https:\/\/images.futebolinterior.com.br\/2021\/05\/0002050019550_img-300x208.jpg","resumo":"O Mogi Mirim recebeu uma boa not\u00edcia para o confronto contra o Guaratinguet\u00e1, s\u00e1bado, no est\u00e1dio Dario Rodrigues Leite, j\u00e1 que Magal ser\u00e1 titular."},"710811":{"titulo":"S\u00e9rie C: R\u00f4mulo pode ser titular no Paysandu","link":"https:\/\/www.futebolinterior.com.br\/serie-c-romulo-pode-ser-titular-no-paysandu\/","chapeu":"VAI PRO JOGO?","data":"08\/08\/2014","imagem":"https:\/\/images.futebolinterior.com.br\/2021\/05\/0002050019545_img-300x143.jpg","resumo":"Visando o confronto contra o \u00c1guia, domingo, pela 10\u00aa rodada da S\u00e9rie C do Campeonato Brasileiro, o t\u00e9cnico Vica faz alguns testes para definir o time titular do Paysandu."},"710843":{"titulo":"S\u00e9rie C: Maca\u00e9 tem campanhas parecidas com as de 2012 e 2013 ap\u00f3s t\u00e9rmino do turno","link":"https:\/\/www.futebolinterior.com.br\/serie-c-macae-tem-campanhas-parecidas-com-as-de-2012-e-2013-apos-termino-do-turno\/","chapeu":"NA M\u00c9DIA!","data":"08\/08\/2014","imagem":"https:\/\/images.futebolinterior.com.br\/2021\/05\/0002050019499_img.jpg","resumo":"Perto do acesso nos anos de 2010, 2012 e 2013, o Maca\u00e9 parece ter a receita de como fazer uma boa primeira fase no Campeonato Brasileiro da S\u00e9rie C"},"710868":{"titulo":"Juventude 1 x 1 Caxias \u2013 Emo\u00e7\u00e3o e empate justo no Ca-Ju","link":"https:\/\/www.futebolinterior.com.br\/juventude-1-x-1-caxias-emocao-e-empate-justo-no-ca-ju\/","chapeu":"TUDO IGUAL","data":"07\/08\/2014","imagem":"https:\/\/images.futebolinterior.com.br\/2021\/05\/0002050019484_img-300x213.jpg","resumo":"Um tempo s\u00f3 deu Caxias. No outro, o Juventude foi bem melhor. O equil\u00edbrio marcou o cl\u00e1ssico Ca-Ju, realizado na noite desta quinta-feira, no est\u00e1dio Alfredo Jaconi."},"710897":{"titulo":"S\u00e9rie C: Paysandu contrata Bruno Veiga, que estava no Vila Nova","link":"https:\/\/www.futebolinterior.com.br\/serie-c-paysandu-contrata-bruno-veiga-que-estava-no-vila-nova\/","chapeu":"NOVO MATADOR?","data":"07\/08\/2014","imagem":"https:\/\/images.futebolinterior.com.br\/2021\/05\/0002050019435_img-300x200.jpg","resumo":"A situa\u00e7\u00e3o do Paysandu no Campeonato Brasileiro da S\u00e9rie C n\u00e3o \u00e9 nada boa. Apenas na oitava posi\u00e7\u00e3o do Grupo A, lutando contra o rebaixamento."},"710975":{"titulo":"S\u00e9rie C: Ap\u00f3s bomba em jogo, Paysandu tem pena reduzida pelo STJD","link":"https:\/\/www.futebolinterior.com.br\/serie-c-apos-bomba-em-jogo-paysandu-tem-pena-reduzida-pelo-stjd\/","chapeu":"ALIVIOU!","data":"07\/08\/2014","imagem":"https:\/\/images.futebolinterior.com.br\/2021\/05\/0002050019339_img-300x213.jpg","resumo":"Nesta quinta-feira, o Paysandu entrou com um recurso no STJD e acabou tendo uma redu\u00e7\u00e3o na pena por conta de bombas jogadas no gramado do Mangueir\u00e3o contra o Fortaleza."},"711001":{"titulo":"S\u00e9rie C: Por briga entre torcidas, Guarani ter\u00e1 que mandar dois jogos com port\u00f5es fechados","link":"https:\/\/www.futebolinterior.com.br\/serie-c-por-briga-entre-torcidas-guarani-tera-que-mandar-dois-jogos-com-portoes-fechados\/","chapeu":"DEU RUIM!","data":"07\/08\/2014","imagem":"https:\/\/images.futebolinterior.com.br\/2021\/05\/0002050019319_img-300x170.jpg","resumo":"Na tarde desta quarta-feira, o Guarani foi punido pelo STJD por conta de uma briga envolvendo a sua torcida na partida contra o Madureira, no dia 3 de maio, pela segunda rodada."}}