{"1875816":{"titulo":"Vila Nova x ABC - Necessidade da vit\u00f3ria para os dois lados","link":"https:\/\/www.futebolinterior.com.br\/vila-nova-x-abc-necessidade-da-vitoria-para-os-dois-lados\/","chapeu":"OPOSTOS","data":"21\/07\/2023","imagem":"https:\/\/images.futebolinterior.com.br\/2023\/07\/F0uHR24XsAMaAbG-300x200.jpg","resumo":"Vila tenta retornar ao primeiro lugar da S\u00e9rie B, enquanto ABC tenta evitar rebaixamento\n"},"1875805":{"titulo":"Crici\u00fama x Novorizontino - Jogo pode valer a lideran\u00e7a da S\u00e9rie B","link":"https:\/\/www.futebolinterior.com.br\/criciuma-x-novorizontino-jogo-pode-valer-a-lideranca-da-serie-b\/","chapeu":"DIRETO","data":"21\/07\/2023","imagem":"https:\/\/images.futebolinterior.com.br\/2023\/07\/F1ca5YfWAAE6UcA-300x200.jpg","resumo":"Equipes do G-4 se enfrentam em confronto direto pela primeira coloca\u00e7\u00e3o da competi\u00e7\u00e3o nacional "},"1875749":{"titulo":"S\u00e9rie B: Ava\u00ed acerta com atacante requisitado no mercado","link":"https:\/\/www.futebolinterior.com.br\/serie-b-avai-acerta-com-atacante\/","chapeu":"REFOR\u00c7O!","data":"21\/07\/2023","imagem":"https:\/\/images.futebolinterior.com.br\/2023\/07\/poveda-300x191.jpg","resumo":"O Ava\u00ed acertou com o atacante Gabriel Poveda para a sequ\u00eancia da S\u00e9rie B do Campeonato Brasileiro"},"1875703":{"titulo":"S\u00e9rie B: ABC-RN revela vontade de rescindir empr\u00e9stimo com atleta citado em esquema de apostas","link":"https:\/\/www.futebolinterior.com.br\/abc-revela-vontade-rescindir-meia\/","chapeu":"GRAVE","data":"21\/07\/2023","imagem":"https:\/\/images.futebolinterior.com.br\/2023\/07\/imagem_2023-07-21_174039623-300x212.png","resumo":"O ABC-RN afastou Thonny Anderson do confronto com o Vila Nova-GO, que acontece no final de semana"},"1875507":{"titulo":"S\u00e9rie B: Sport faz sondagem por meia afastado no Santos","link":"https:\/\/www.futebolinterior.com.br\/serie-b-sport-faz-sondagem-por-meia-afastado-no-santos\/","chapeu":"NA MIRA","data":"21\/07\/2023","imagem":"https:\/\/images.futebolinterior.com.br\/2022\/10\/SOTELDO-LESAO-300x185.jpg","resumo":"O venezuelano n\u00e3o faz parte dos planos do t\u00e9cnico Paulo Turra e o Peixe quer \"se livrar\" do meia"},"1875499":{"titulo":"S\u00e9rie B: Ainda com desfalques, Ava\u00ed deve repetir escala\u00e7\u00e3o na busca pela 2\u00aa vit\u00f3ria seguida","link":"https:\/\/www.futebolinterior.com.br\/serie-b-ainda-com-desfalques-avai-deve-repetir-escalacao-na-busca-pela-2a-vitoria-seguida\/","chapeu":"COM TUDO","data":"21\/07\/2023","imagem":"https:\/\/images.futebolinterior.com.br\/2023\/07\/Barroca-Avai-Serie-B-1-300x225.jpg","resumo":"O atacante Dentinho, que esteve fora na rodada passada por ter recebido o terceiro amarelo, continua como desfalque por ter sido expulso diretamente contra a Ponte Preta"},"1875467":{"titulo":"S\u00e9rie B: Dal Pozzo cita 'prepara\u00e7\u00e3o muito forte' para Chapecoense surpreender o Vit\u00f3ria","link":"https:\/\/www.futebolinterior.com.br\/serie-b-dal-pozzo-cita-preparacao-muito-forte-para-chapecoense-surpreender-o-vitoria\/","chapeu":"CONFIANTE","data":"21\/07\/2023","imagem":"https:\/\/images.futebolinterior.com.br\/2023\/07\/gilmar-dal-pozzo-chapecoense-300x177.jpg","resumo":""},"1875304":{"titulo":"Mirassol x Tombense - Le\u00e3o quer fechar o 1\u00ba turno na cola do G4","link":"https:\/\/www.futebolinterior.com.br\/mirassol-x-tombense-leao-quer-fechar-o-1o-turno-na-cola-do-g4\/","chapeu":"L\u00c1 NO TOPO","data":"21\/07\/2023","imagem":"https:\/\/images.futebolinterior.com.br\/2023\/07\/mirassol-x-tombense-300x205.jpg","resumo":"O Le\u00e3o ter\u00e1 uma nova chance de colar no Grupo de Acesso, contra o Tombense, \u00e0s 15h30, no Campos Maia, pela 19\u00aa rodada, a \u00faltima do 1\u00ba turno."},"1875439":{"titulo":"S\u00e9rie B: Guarani tem tr\u00eas desfalques por suspens\u00e3o na busca para colar no G4","link":"https:\/\/www.futebolinterior.com.br\/serie-b-guarani-tem-tres-desfalques-por-suspensao-na-busca-para-colar-no-g4\/","chapeu":"PUTZ","data":"21\/07\/2023","imagem":"https:\/\/images.futebolinterior.com.br\/2023\/07\/Guarani-Serie-B-2-300x200.jpg","resumo":"Com isso, a tend\u00eancia \u00e9 que Alvari\u00f1o, Lucas Ara\u00fajo e Isaque entrem nas respectivas vagas, mas Louzer ainda n\u00e3o confirmou qual ser\u00e1 o time titular"},"1875414":{"titulo":"S\u00e9rie B: Tencati faz mist\u00e9rio e n\u00e3o confirma Crici\u00fama para duelo direto contra o Novorizontino","link":"https:\/\/www.futebolinterior.com.br\/serie-b-tencati-faz-misterio-e-nao-confirma-criciuma-para-duelo-direto-contra-o-novorizontino\/","chapeu":"PROMETE","data":"21\/07\/2023","imagem":"https:\/\/images.futebolinterior.com.br\/2023\/07\/Tencati-Criciuma-300x200.jpg","resumo":"No meio-campo, o volante Miqu\u00e9ias est\u00e1 de volta ap\u00f3s cumprir suspens\u00e3o, assim como Arilson, que foi poupado no \u00faltimo jogo por dores musculares e est\u00e1 de volta"}}