{"1883225":{"titulo":"Ituano 1 x 0 Tombense - Vit\u00f3ria alivia situa\u00e7\u00e3o de paulistas na S\u00e9rie B","link":"https:\/\/www.futebolinterior.com.br\/ituano-1-x-0-tombense-vitoria-alivia-situacao-de-paulistas-na-serie-b\/","chapeu":"DEVER DE CASA","data":"02\/08\/2023","imagem":"https:\/\/images.futebolinterior.com.br\/2023\/08\/WhatsApp-Image-2023-08-02-at-20.35.30-300x200.jpeg","resumo":"Rafael Carvalheira marca de falta e garante triunfo do Ituano na noite desta quarta-feira\n"},"1883116":{"titulo":"Crici\u00fama 2 x 1 Ponte Preta - Tigre encerra jejum, chega ao G4 provisoriamente e afunda Macaca","link":"https:\/\/www.futebolinterior.com.br\/criciuma-2-x-1-ponte-preta-tigre-encerra-jejum-chega-ao-g4-provisoriamente-e-afunda-macaca\/","chapeu":"FINALMENTE","data":"02\/08\/2023","imagem":"https:\/\/images.futebolinterior.com.br\/2023\/08\/IMG_0958-1-300x206.jpg","resumo":"A Ponte Preta, que segue sem vencer h\u00e1 cinco jogos - dois sob o comando do t\u00e9cnico Pintado - segue no pelot\u00e3o debaixo, na 14\u00ba coloca\u00e7\u00e3o, com 23 pontos."},"1883176":{"titulo":"S\u00e9rie B: Mirassol empresta goleiro para o Porto e oficializa chegada de volante do Cruzeiro","link":"https:\/\/www.futebolinterior.com.br\/mirassol-empresta-goleiro-para-o-porto-e-oficializa-chegada-de-volante-do-cruzeiro\/","chapeu":"MOVIMENTADO","data":"02\/08\/2023","imagem":"https:\/\/images.futebolinterior.com.br\/2023\/08\/mirassol_lacerda-1-300x176.jpeg","resumo":"Garoto de 18 anos chega ao clube portugu\u00eas por empr\u00e9stimo por uma temporada e deve integrar a equipe Sub-19."},"1883127":{"titulo":"S\u00e9rie B: Meia recebe proposta do Jap\u00e3o e deixa a Ponte Preta","link":"https:\/\/www.futebolinterior.com.br\/serie-b-meia-recebe-proposta-do-japao-e-deixa-a-ponte-preta\/","chapeu":"DE SA\u00cdDA","data":"02\/08\/2023","imagem":"https:\/\/images.futebolinterior.com.br\/2023\/02\/Ponte-Preta-Matheus-Jesus-Karen-Fontes-AAPP-1-e1675651763485-300x121.jpg","resumo":"Jesus recebeu uma proposta do futebol japon\u00eas, na qual o time n\u00e3o foi revelado."},"1883114":{"titulo":"Red Bull Bragantino acerta vinda de zagueiro da Europa at\u00e9 dezembro","link":"https:\/\/www.futebolinterior.com.br\/red-bull-bragantino-acerta-vinda-de-zagueiro-da-europa-ate-dezembro\/","chapeu":"NO \u00daLTIMO DIA","data":"02\/08\/2023","imagem":"https:\/\/images.futebolinterior.com.br\/2023\/08\/lucas-rafael-300x195.jpg","resumo":"O defensor assinou com o Braga at\u00e9 dezembro deste ano, com op\u00e7\u00e3o de compra."},"1883052":{"titulo":"S\u00e9rie B: Ponte Preta confirma lateral-direito que estava na Europa","link":"https:\/\/www.futebolinterior.com.br\/serie-b-ponte-preta-confirma-lateral-direito-que-estava-na-europa\/","chapeu":"OFICIAL","data":"02\/08\/2023","imagem":"https:\/\/images.futebolinterior.com.br\/2023\/08\/gabriel-silva-300x166.jpg","resumo":""},"1883053":{"titulo":"S\u00e9rie B: Guarani traz um zagueiro do Mundo \u00c1rabe","link":"https:\/\/www.futebolinterior.com.br\/serie-b-guarani-traz-um-zagueiro-do-mundo-arabe\/","chapeu":"ZAGUEIR\u00c3O","data":"02\/08\/2023","imagem":"https:\/\/images.futebolinterior.com.br\/2023\/08\/Igor-Rossi-300x193.jpg","resumo":"Curiosamente, o jogador \u00e9 nascido na regi\u00e3o de Campinas, tanto que passou at\u00e9 mesmo pela base do Guarani e depois do Primavera "},"1882920":{"titulo":"S\u00e9rie B: Barroca lamenta empate e pede apoio da torcida em cl\u00e1ssico para tirar Ava\u00ed do Z4","link":"https:\/\/www.futebolinterior.com.br\/serie-b-barroca-lamenta-empate-e-pede-apoio-da-torcida-em-classico-para-tirar-avai-do-z4\/","chapeu":"PUTZ","data":"02\/08\/2023","imagem":"https:\/\/images.futebolinterior.com.br\/2023\/08\/AvaiSerie-B-300x225.jpg","resumo":"Atualmente, o Ava\u00ed \u00e9 o 18\u00ba colocado da S\u00e9rie B com 18 pontos"},"1882760":{"titulo":"Ap\u00f3s tr\u00eas jogos, as mudan\u00e7as na Classifica\u00e7\u00e3o da S\u00e9rie B","link":"https:\/\/www.futebolinterior.com.br\/apos-tres-jogos-as-mudancas-na-classificacao-da-serie-b-2\/","chapeu":"SOBE E DESCE","data":"02\/08\/2023","imagem":"https:\/\/images.futebolinterior.com.br\/2023\/08\/mirassol-300x200.png","resumo":"Paulistas empataram e estacionaram na tabela"},"1882523":{"titulo":"PLACAR FI: Resultados de TER\u00c7A-FEIRA tem in\u00edcio dos mata-matas da Libertadores","link":"https:\/\/www.futebolinterior.com.br\/placar-fi-terca-01-08-23\/","chapeu":"PLACAR FI","data":"01\/08\/2023","imagem":"https:\/\/images.futebolinterior.com.br\/2023\/08\/abre-sula-fi-300x156.jpg","resumo":"O PLACAR FI do Portal Futebol Interior acompanhou S\u00e9rie B, Copa do Mundo Feminina e muito mais"}}