{"275306":{"titulo":"S\u00c9RIE B: Rodada final antes da pausa pode definir futuro de muitos treinadores","link":"https:\/\/www.futebolinterior.com.br\/serie-b-rodada-final-antes-da-pausa-pode-definir-futuro-de-muitos-treinadores\/","chapeu":"DIA D","data":"10\/06\/2019","imagem":"https:\/\/images.futebolinterior.com.br\/2020\/11\/0002050394354_img-300x191.jpg","resumo":"Nove jogos ser\u00e3o realizados na noite desta ter\u00e7a-feira e o Placar FI vai acompanhar tudo de perto"},"275315":{"titulo":"S\u00e9rie B: Sport acerta empr\u00e9stimo de atacante junto ao Palmeiras","link":"https:\/\/www.futebolinterior.com.br\/serie-b-sport-acerta-emprestimo-de-atacante-junto-ao-palmeiras\/","chapeu":"REFOR\u00c7O","data":"10\/06\/2019","imagem":"https:\/\/images.futebolinterior.com.br\/2020\/11\/0002050394343_img-300x200.jpg","resumo":"Yan j\u00e1 est\u00e1 em Recife e ser\u00e1 oficializado apenas ap\u00f3s os resultados dos exames m\u00e9dicos"},"335455":{"titulo":"Guarani x Coritiba - Bugre pode afastar ou aumentar a crise na S\u00e9rie B","link":"https:\/\/www.futebolinterior.com.br\/guarani-x-coritiba-bugre-pode-afastar-ou-aumentar-a-crise-na-serie-b\/","chapeu":"TUDO OU NADA","data":"10\/06\/2019","imagem":0,"resumo":"O Guarani est\u00e1 com a corda no pesco\u00e7o. Na zona de rebaixamento com a segunda pior campanha da S\u00e9rie B do Campeonato Brasileiro, o time joga nesta ter\u00e7a-feira"},"335450":{"titulo":"S\u00e9rie B: Em queda livre, Cuiab\u00e1 aposta na volta de pe\u00e7as importantes","link":"https:\/\/www.futebolinterior.com.br\/serie-b-em-queda-livre-cuiaba-aposta-na-volta-de-pecas-importantes\/","chapeu":"A\u00cd SIM","data":"10\/06\/2019","imagem":"https:\/\/images.futebolinterior.com.br\/2021\/04\/0002050394335_img-300x192.jpg","resumo":"O volante Jean Patrick e o meia Al\u00ea cumpriram suspens\u00e3o autom\u00e1tica na derrota para o Londrina"},"275317":{"titulo":"S\u00e9rie B: Diretoria do Am\u00e9rica-MG revela busca por meia e centroavante","link":"https:\/\/www.futebolinterior.com.br\/serie-b-diretoria-do-america-mg-revela-busca-por-meia-e-centroavante\/","chapeu":"QUEM VEM?","data":"10\/06\/2019","imagem":"https:\/\/images.futebolinterior.com.br\/2020\/11\/0002050394332_img-300x200.jpg","resumo":"O diretor de futebol Paulo Bracks disse que um refor\u00e7o est\u00e1 pr\u00f3ximo e deve ser anunciado nos pr\u00f3ximos dias"},"335457":{"titulo":"S\u00e9rie B: Com problemas no meio de campo, CRB tem mudan\u00e7as contra o Sport","link":"https:\/\/www.futebolinterior.com.br\/serie-b-com-problemas-no-meio-de-campo-crb-tem-mudancas-contra-o-sport\/","chapeu":"QUEM JOGA?","data":"10\/06\/2019","imagem":"https:\/\/images.futebolinterior.com.br\/2021\/04\/0002050394331_img-300x196.jpg","resumo":"A derrota por 3 a 1 para o Am\u00e9rica-MG dentro de casa n\u00e3o estava nos planos do CRB, que vinha em franca recupera\u00e7\u00e3o no Campeonato Brasileiro da S\u00e9rie B"},"275325":{"titulo":"S\u00e9rie B: Na corda bamba, treinador define futuro no Coritiba em Campinas","link":"https:\/\/www.futebolinterior.com.br\/serie-b-na-corda-bamba-treinador-define-futuro-no-coritiba-em-campinas\/","chapeu":"TUDO OU NADA","data":"10\/06\/2019","imagem":"https:\/\/images.futebolinterior.com.br\/2020\/11\/0002050394324_img-300x225.jpg","resumo":"Umberto Louzer foi chamado no \u00faltimo domingo para uma reuni\u00e3o com os dirigentes"},"335463":{"titulo":"S\u00e9rie B: Ap\u00f3s vit\u00f3ria, Atl\u00e9tico-GO deve ter mudan\u00e7as para enfrentar o Cuiab\u00e1","link":"https:\/\/www.futebolinterior.com.br\/serie-b-apos-vitoria-atletico-go-deve-ter-mudancas-para-enfrentar-o-cuiaba\/","chapeu":"OUTRO TIME","data":"10\/06\/2019","imagem":"https:\/\/images.futebolinterior.com.br\/2021\/04\/0002050394322_img-300x200.jpg","resumo":"O Atl\u00e9tico-GO pode entrar na parada para a Copa Am\u00e9rica em uma posi\u00e7\u00e3o favor\u00e1vel na busca pelo acesso na S\u00e9rie B do Campeonato Brasileiro"},"275329":{"titulo":"S\u00e9rie B: Les\u00e3o de ex-Ponte preocupa departamento m\u00e9dico do Crici\u00fama","link":"https:\/\/www.futebolinterior.com.br\/serie-b-lesao-de-ex-ponte-preocupa-departamento-medico-do-criciuma\/","chapeu":"EITA","data":"10\/06\/2019","imagem":"https:\/\/images.futebolinterior.com.br\/2020\/11\/0002050394320_img-300x199.jpg","resumo":"L\u00e9o Santos ser\u00e1 melhor avaliado para saber se n\u00e3o houve um problema mais grave no joelho"},"335472":{"titulo":"S\u00e9rie B: Conversa entre elenco e torcedores encerra prepara\u00e7\u00e3o no Guarani","link":"https:\/\/www.futebolinterior.com.br\/serie-b-conversa-entre-elenco-e-torcedores-encerra-preparacao-no-guarani\/","chapeu":"APOIO","data":"10\/06\/2019","imagem":"https:\/\/images.futebolinterior.com.br\/2021\/04\/0002050394313_img-300x197.jpg","resumo":"O t\u00e9cnico Vin\u00edcius Eutr\u00f3pio destacou a presen\u00e7a da torcida na atividade desta segunda-feira"}}