{"541288":{"titulo":"Tupi x Atl\u00e9tico-GO - Dupla pressionada nos dois extremos da tabela","link":"https:\/\/www.futebolinterior.com.br\/tupi-x-atletico-go-dupla-pressionada-nos-dois-extremos-da-tabela\/","chapeu":"C\u00c9U E INFERNO","data":"22\/07\/2016","imagem":"https:\/\/images.futebolinterior.com.br\/2021\/04\/0002050182160_img-300x204.jpg","resumo":"Os dois times perderam na \u00faltima rodada e miram a reabilita\u00e7\u00e3o no campeonato"},"540987":{"titulo":"Paysandu x CRB - \"Desequilibrado\", Pap\u00e3o tem pela frente CRBayern","link":"https:\/\/www.futebolinterior.com.br\/paysandu-x-crb-desequilibrado-papao-tem-pela-frente-crbayern\/","chapeu":"TESTE DIF\u00cdCIL","data":"22\/07\/2016","imagem":"https:\/\/images.futebolinterior.com.br\/2021\/04\/0002050182250_img-300x200.jpg","resumo":"O Galo da Paju\u00e7ara pode assumir a lideran\u00e7a da S\u00e9rie B dependendo dos resultados da rodada"},"541026":{"titulo":"Vila Nova x Cear\u00e1 - Vila \u2018estreia\u2019 em casa e quer parar o Voz\u00e3o na S\u00e9rie B","link":"https:\/\/www.futebolinterior.com.br\/vila-nova-x-ceara-vila-estreia-em-casa-e-quer-parar-o-vozao-na-serie-b\/","chapeu":"FICOU BONITO","data":"22\/07\/2016","imagem":"https:\/\/images.futebolinterior.com.br\/2021\/04\/0002050182147_img-300x196.jpg","resumo":"Os times est\u00e3o em alta no campeonato e querem continuar subindo na tabela"},"541232":{"titulo":"S\u00c9RIE B: Em dois 'blocos', primeiro turno caminha para briga acirrada","link":"https:\/\/www.futebolinterior.com.br\/serie-b-em-dois-blocos-primeiro-turno-caminha-para-briga-acirrada\/","chapeu":"FERA","data":"22\/07\/2016","imagem":"https:\/\/images.futebolinterior.com.br\/2021\/04\/0002050182191_img-300x201.jpg","resumo":"O Campeonato Brasileiro da S\u00e9rie B j\u00e1 come\u00e7a a se dividir em dois blocos na reta final do primeiro turno: os que brigar\u00e3o pelo acesso e os que ter\u00e3o que lutar contra o rebaixamento"},"541043":{"titulo":"S\u00e9rie B: Bahia anuncia oficialmente a contrata\u00e7\u00e3o de zagueiro Tiago, do Atl\u00e9tico-MG","link":"https:\/\/www.futebolinterior.com.br\/serie-b-bahia-anuncia-oficialmente-a-contratacao-de-zagueiro-tiago-do-atletico-mg\/","chapeu":"FECHOU!","data":"22\/07\/2016","imagem":"https:\/\/images.futebolinterior.com.br\/2021\/04\/0002050182212_img-300x184.jpg","resumo":"O defensor, que se destacou muito por aparecer bem ao ataque, j\u00e1 fica \u00e0 disposi\u00e7\u00e3o de Guto Ferreira"},"541114":{"titulo":"S\u00e9rie B: Para embalar, Oeste se concentra em Sorocaba at\u00e9 a pr\u00f3xima sexta-feira","link":"https:\/\/www.futebolinterior.com.br\/serie-b-para-embalar-oeste-se-concentra-em-sorocaba-ate-a-proxima-sexta-feira\/","chapeu":"LOCAL CONHECIDO","data":"22\/07\/2016","imagem":"https:\/\/images.futebolinterior.com.br\/2021\/04\/0002050182198_img-300x200.jpg","resumo":"Durante a campanha do Paulist\u00e3o, o clube utilizou a estrutura por muitas semanas em regime de concentra\u00e7\u00e3o"},"541075":{"titulo":"Ex-Guarani, Juliano n\u00e3o \u00e9 relacionado e Mazola evita mist\u00e9rio contra Paysandu","link":"https:\/\/www.futebolinterior.com.br\/ex-guarani-juliano-nao-e-relacionado-e-mazola-evita-misterio-contra-paysandu\/","chapeu":"CONFIRA!","data":"22\/07\/2016","imagem":"https:\/\/images.futebolinterior.com.br\/2021\/04\/0002050182190_img-300x200.jpg","resumo":"Adalberto tamb\u00e9m ficou e fora do duelo contra o Pap\u00e3o, assim como argentino Franco Razzotti"},"541147":{"titulo":"S\u00e9rie B: Esperan\u00e7a de gols, Paysandu perde Macac\u00e3o contra o vice-l\u00edder","link":"https:\/\/www.futebolinterior.com.br\/serie-b-esperanca-de-gols-paysandu-perde-macacao-contra-o-vice-lider\/","chapeu":"E AGORA?","data":"22\/07\/2016","imagem":"https:\/\/images.futebolinterior.com.br\/2021\/04\/0002050182184_img-300x200.jpg","resumo":"O torcedor do Paysandu j\u00e1 est\u00e1 carente de uma emo\u00e7\u00e3o na S\u00e9rie B do Campeonato Brasileiro"},"541157":{"titulo":"S\u00e9rie B: Goleiro sente les\u00e3o e Luverdense deve ter mudan\u00e7as em Salvador","link":"https:\/\/www.futebolinterior.com.br\/serie-b-goleiro-sente-lesao-e-luverdense-deve-ter-mudancas-em-salvador\/","chapeu":"E AGORA?","data":"22\/07\/2016","imagem":"https:\/\/images.futebolinterior.com.br\/2021\/04\/0002050182175_img-300x200.jpg","resumo":"Ap\u00f3s 16 rodadas do Campeonato Brasileiro da S\u00e9rie B, o Luverdense entra na reta final de primeiro turno da competi\u00e7\u00e3o"},"541173":{"titulo":"S\u00e9rie B: Guto Ferreira fecha o grupo do Bahia para enfrentar o LEC","link":"https:\/\/www.futebolinterior.com.br\/serie-b-guto-ferreira-fecha-o-grupo-do-bahia-para-enfrentar-o-lec\/","chapeu":"TUDO CERTO","data":"22\/07\/2016","imagem":"https:\/\/images.futebolinterior.com.br\/2021\/04\/0002050182167_img-300x127.jpg","resumo":"Ap\u00f3s uma semana de treinamentos, o elenco do Bahia encerrou a prepara\u00e7\u00e3o para enfrentar o Luverdense no s\u00e1bado"}}