{"527200":{"titulo":"S\u00e9rie B: Ap\u00f3s virada her\u00f3ica em Macei\u00f3, Vila Nova embarca para Curitiba","link":"https:\/\/www.futebolinterior.com.br\/serie-b-apos-virada-heroica-em-maceio-vila-nova-embarca-para-curitiba\/","chapeu":"TO CHEGANDO","data":"12\/09\/2016","imagem":"https:\/\/images.futebolinterior.com.br\/2021\/04\/0002050194551_img-300x153.jpg","resumo":"O Vila Nova embarcou nesta segunda-feira para Curitiba, ainda comemorando a vit\u00f3ria de virada por 2 a 1 contra o CRB no \u00faltimo s\u00e1bado"},"527099":{"titulo":"S\u00e9rie B: Para manter a rea\u00e7\u00e3o, Bahia treina em Recife antes de viajar","link":"https:\/\/www.futebolinterior.com.br\/serie-b-para-manter-a-reacao-bahia-treina-em-recife-antes-de-viajar\/","chapeu":"OLHA ELE","data":"12\/09\/2016","imagem":"https:\/\/images.futebolinterior.com.br\/2021\/04\/0002050194546_img-300x184.jpg","resumo":"O Bahia pode engrenar de vez a rea\u00e7\u00e3o e encostar no G4 do Campeonato Brasileiro da S\u00e9rie B"},"527109":{"titulo":"S\u00e9rie B: Paran\u00e1 sonha com atacante do Fortaleza e corre contra o tempo","link":"https:\/\/www.futebolinterior.com.br\/serie-b-parana-sonha-com-atacante-do-fortaleza-e-corre-contra-o-tempo\/","chapeu":"MERCADO","data":"12\/09\/2016","imagem":"https:\/\/images.futebolinterior.com.br\/2021\/04\/0002050194542_img-300x206.jpg","resumo":"O Paran\u00e1 tem quatro dias para definir quem ser\u00e1 o substituto de Robson na S\u00e9rie B do Campeonato Brasileiro, j\u00e1 que o antigo camisa 9 acertou com o S\u00e3o Paulo"},"527078":{"titulo":"Santos ganha cl\u00e1ssico contra o Corinthians de virada e encosta no G4 do Brasileiro","link":"https:\/\/www.futebolinterior.com.br\/santos-ganha-classico-contra-o-corinthians-de-virada-e-encosta-no-g4-do-brasileiro\/","chapeu":"OPINI\u00c3O","data":"11\/09\/2016","imagem":"https:\/\/images.futebolinterior.com.br\/2021\/04\/0002050194451_img-300x170.jpg","resumo":"Santos voltou a vencer na Vila Belmiro, derrubou o Corinthians e chegou aos 39 pontos em quinto lugar"},"528276":{"titulo":"T\u00e9cnico Pedrinho Rocha \u00e9 o convidado do \u201cCamarote RF\u201d nesta 2\u00aa Feira","link":"https:\/\/www.futebolinterior.com.br\/tecnico-pedrinho-rocha-e-o-convidado-do-camarote-rf-nesta-2a-feira\/","chapeu":"IMPERD\u00cdVEL!","data":"11\/09\/2016","imagem":"https:\/\/images.futebolinterior.com.br\/2021\/04\/0002050194423_img-225x300.jpg","resumo":"Ao lado do convidado especial, os comentaristas do programa v\u00e3o abordar os jogos do final de semana pelo Brasil"},"527382":{"titulo":"S\u00e9rie B: Esperando para resolver futuro, Erick Luis segue trabalhando no Joinville","link":"https:\/\/www.futebolinterior.com.br\/serie-b-esperando-para-resolver-futuro-erick-luis-segue-trabalhando-no-joinville\/","chapeu":"DETERMINADO! ","data":"11\/09\/2016","imagem":"https:\/\/images.futebolinterior.com.br\/2021\/04\/0002050194272_img-300x200.jpg","resumo":"Atacante que pertence ao Vasco deve definir sua situa\u00e7\u00e3o nos pr\u00f3ximos dias, ele est\u00e1 focado em manter a parte f\u00edsica em dia "},"527315":{"titulo":"S\u00e9rie B: Rayllan mant\u00e9m esperan\u00e7a que o Sampaio Corr\u00eaa n\u00e3o ser\u00e1 rebaixado","link":"https:\/\/www.futebolinterior.com.br\/serie-b-rayllan-mantem-esperanca-que-o-sampaio-correa-nao-sera-rebaixado\/","chapeu":"EU ACREDITO! ","data":"11\/09\/2016","imagem":"https:\/\/images.futebolinterior.com.br\/2021\/04\/0002050194270_img-300x264.jpg","resumo":"Voltando de suspens\u00e3o, meia deve retornar ao time titular no duelo de ter\u00e7a-feira com o Cear\u00e1 fora de casa"},"527526":{"titulo":"S\u00e9rie B: Aliviado com vit\u00f3ria, Jorginho exalta 'doa\u00e7\u00e3o' de jogadores do Vasco","link":"https:\/\/www.futebolinterior.com.br\/serie-b-aliviado-com-vitoria-jorginho-exalta-doacao-de-jogadores-do-vasco\/","chapeu":"\u00c9 L\u00cdDER!","data":"11\/09\/2016","imagem":"https:\/\/images.futebolinterior.com.br\/2021\/04\/0002050194268_img-300x200.jpg","resumo":"\"Tenho certeza que todo o cr\u00e9dito \u00e9 para os atletas. Eles entenderam o momento\", elogiou o treinador"},"528480":{"titulo":"Sele\u00e7\u00e3o FI da S\u00e9rie B com vov\u00f4s Nen\u00ea e Marquinhos, representante da 'trinca do Le\u00e3o'","link":"https:\/\/www.futebolinterior.com.br\/selecao-fi-da-serie-b-com-vovos-nene-e-marquinhos-representante-da-trinca-do-leao\/","chapeu":"QUE TIME!","data":"11\/09\/2016","imagem":"https:\/\/images.futebolinterior.com.br\/2021\/04\/0002050194222_img-300x200.jpg","resumo":"Al\u00e9m do meia, o atacante Lucas Coelho e o t\u00e9cnico Claudinei Oliveira est\u00e3o presentes na equipe"},"528446":{"titulo":"S\u00c9RIE B: Vasco reassume a lideran\u00e7a, enquanto N\u00e1utico e CRB vacilam","link":"https:\/\/www.futebolinterior.com.br\/serie-b-vasco-reassume-a-lideranca-enquanto-nautico-e-crb-vacilam\/","chapeu":"BRIGA BOA","data":"10\/09\/2016","imagem":"https:\/\/images.futebolinterior.com.br\/2021\/04\/0002050194237_img-300x225.jpg","resumo":"\u200bO Vasco reassumiu a lideran\u00e7a da S\u00e9rie B do Campeonato Brasileiro neste s\u00e1bado, 10, pela 24\u00aa rodada da competi\u00e7\u00e3o"}}