{"527016":{"titulo":"S\u00e9rie B: Com \u00f3tima campanha no Vila Nova, Guilherme Alves ganha visibilidade nacional","link":"https:\/\/www.futebolinterior.com.br\/serie-b-com-otima-campanha-no-vila-nova-guilherme-alves-ganha-visibilidade-nacional\/","chapeu":"BOA FASE","data":"12\/09\/2016","imagem":"https:\/\/images.futebolinterior.com.br\/2021\/04\/0002050194603_img-300x200.jpg","resumo":"\u201cTemos um grupo de jogadores que est\u00e3o focados nos treinamentos e nos jogos\", elogiou o treinador"},"527299":{"titulo":"S\u00e9rie B: Keirrison n\u00e3o viaja e Londrina pode ter at\u00e9 tr\u00eas mudan\u00e7as","link":"https:\/\/www.futebolinterior.com.br\/serie-b-keirrison-nao-viaja-e-londrina-pode-ter-ate-tres-mudancas\/","chapeu":"PRA EMBALAR","data":"12\/09\/2016","imagem":"https:\/\/images.futebolinterior.com.br\/2021\/04\/0002050194602_img-300x201.jpg","resumo":"A derrota para o Paran\u00e1 no cl\u00e1ssico regional custou caro ao Londrina na S\u00e9rie B do Campeonato Brasileiro \u2013 o triunfo colocaria o clube no G4"},"527001":{"titulo":"S\u00e9rie B: Goi\u00e1s pode perder a dupla de ataque para enfrentar o Vasco","link":"https:\/\/www.futebolinterior.com.br\/serie-b-goias-pode-perder-a-dupla-de-ataque-para-enfrentar-o-vasco\/","chapeu":"E AGORA?","data":"12\/09\/2016","imagem":"https:\/\/images.futebolinterior.com.br\/2021\/04\/0002050194555_img-300x220.jpg","resumo":"Poucas horas ap\u00f3s a vit\u00f3ria em cima do Cear\u00e1 por 2 a 0, com gols de Marc\u00e3o e L\u00e9o Gamalho, o elenco do Goi\u00e1s j\u00e1 se reapresentou no domingo no Centro de Treinamento Edmo Pinheiro"},"526960":{"titulo":"S\u00e9rie B: Sem saber se poder\u00e1 contar com TL10, Paysandu pode ter trocas","link":"https:\/\/www.futebolinterior.com.br\/serie-b-sem-saber-se-podera-contar-com-tl10-paysandu-pode-ter-trocas\/","chapeu":"MUDAN\u00c7AS","data":"12\/09\/2016","imagem":"https:\/\/images.futebolinterior.com.br\/2021\/04\/0002050194588_img-300x195.jpg","resumo":"Em crise e precisando vencer depois de quatro jogos, o Paysandu volta a campo nesta ter\u00e7a-feira para tentar a reabilita\u00e7\u00e3o no Campeonato Brasileiro da S\u00e9rie B"},"528219":{"titulo":"S\u00e9rie B: Pimentinha viaja com o Sampaio Corr\u00eaa para enfrentar o Cear\u00e1","link":"https:\/\/www.futebolinterior.com.br\/serie-b-pimentinha-viaja-com-o-sampaio-correa-para-enfrentar-o-ceara\/","chapeu":"DE VOLTA","data":"12\/09\/2016","imagem":"https:\/\/images.futebolinterior.com.br\/2021\/04\/0002050194543_img-300x225.jpg","resumo":"O Sampaio Corr\u00eaa segue vivo na briga contra o rebaixamento da S\u00e9rie B do Campeonato Brasileiro, mas sabe que para deixar a situa\u00e7\u00e3o incomoda precisa somar o m\u00e1ximo de pontos"},"527321":{"titulo":"S\u00e9rie B: Sem Alem\u00e3o e Lincom, Bragantino est\u00e1 pronto para o Atl\u00e9tico-GO","link":"https:\/\/www.futebolinterior.com.br\/serie-b-sem-alemao-e-lincom-bragantino-esta-pronto-para-o-atletico-go\/","chapeu":"FERAS","data":"12\/09\/2016","imagem":"https:\/\/images.futebolinterior.com.br\/2021\/04\/0002050194585_img-300x155.jpg","resumo":"Na briga contra o rebaixamento na S\u00e9rie B do Campeonato Brasileiro, o Bragantino tem jogo marcado tem jogo marcado para esta ter\u00e7a-feira"},"528172":{"titulo":"S\u00e9rie B: Bragantino defende retrospecto contra o Atl\u00e9tico Goianiense no Nabiz\u00e3o","link":"https:\/\/www.futebolinterior.com.br\/serie-b-bragantino-defende-retrospecto-contra-o-atletico-goianiense-no-nabizao\/","chapeu":"HIST\u00d3RICO!","data":"12\/09\/2016","imagem":"https:\/\/images.futebolinterior.com.br\/2021\/04\/0002050194581_img-300x225.jpg","resumo":"Equipe do interior de S\u00e3o Paulo venceu cinco duelos, empatou dois e sofreu quatro derrotas"},"528185":{"titulo":"S\u00e9rie B: Sem Rom\u00e1rio, Atl\u00e9tico-GO viaja para enfrentar o Bragantino","link":"https:\/\/www.futebolinterior.com.br\/serie-b-sem-romario-atletico-go-viaja-para-enfrentar-o-bragantino\/","chapeu":"VAMO L\u00c1","data":"12\/09\/2016","imagem":"https:\/\/images.futebolinterior.com.br\/2021\/04\/0002050194567_img-300x199.jpg","resumo":"Na vice-lideran\u00e7a da S\u00e9rie B do Campeonato Brasileiro, o Atl\u00e9tico-GO realizou na manh\u00e3 deste domingo mais um treinamento visando pr\u00f3ximo compromisso"},"527068":{"titulo":"Pepe emociona torcedores em lan\u00e7amento de biografia em Araras","link":"https:\/\/www.futebolinterior.com.br\/pepe-emociona-torcedores-em-lancamento-de-biografia-em-araras-2\/","chapeu":"SHOW DE BOLA!","data":"12\/09\/2016","imagem":"https:\/\/images.futebolinterior.com.br\/2021\/04\/0002050194569_img-300x225.jpg","resumo":"Pepe emociona torcedores em lan\u00e7amento de biografia em Araras"},"527342":{"titulo":"S\u00e9rie B: De olho no G4, Eduardo diz que elenco do Bahia 'dar\u00e1 a vida' em cada partida","link":"https:\/\/www.futebolinterior.com.br\/serie-b-de-olho-no-g4-eduardo-diz-que-elenco-do-bahia-dara-a-vida-em-cada-partida\/","chapeu":"MUITO ESFOR\u00c7O","data":"12\/09\/2016","imagem":"https:\/\/images.futebolinterior.com.br\/2021\/04\/0002050194563_img-300x200.jpg","resumo":"\"Nossa equipe est\u00e1 evoluindo a cada semana, crescendo de produ\u00e7\u00e3o. Nossa motiva\u00e7\u00e3o \u00e9 muito grande\", disse o jogador"}}