{"525196":{"titulo":"S\u00e9rie B: Elenco admite que luta do Goi\u00e1s \u00e9 contra o rebaixamento","link":"https:\/\/www.futebolinterior.com.br\/serie-b-elenco-admite-que-luta-do-goias-e-contra-o-rebaixamento\/","chapeu":"OBJETIVO","data":"19\/09\/2016","imagem":"https:\/\/images.futebolinterior.com.br\/2021\/04\/0002050196571_img-300x265.jpg","resumo":"O Verd\u00e3o n\u00e3o conseguie emplacar uma sequ\u00eancia de bons resultados e a diferen\u00e7a para o Bragantino \u00e9 de quatro pontos"},"525217":{"titulo":"S\u00e9rie B: No G4, Guto Ferreira prega aten\u00e7\u00e3o no Bahia: \"pior \u00e9 permanecer\"","link":"https:\/\/www.futebolinterior.com.br\/serie-b-no-g4-guto-ferreira-prega-atencao-no-bahia-pior-e-permanecer\/","chapeu":"ALERTA","data":"19\/09\/2016","imagem":"https:\/\/images.futebolinterior.com.br\/2021\/04\/0002050196556_img-300x172.jpg","resumo":"No pr\u00f3ximo s\u00e1bado, o Tricolor tem um confronto direto contra o CRB, no Est\u00e1dio Rei Pel\u00e9"},"524863":{"titulo":"S\u00e9rie B: Com suspensos, Cear\u00e1 encerra prepara\u00e7\u00e3o para 'decis\u00e3o' no Castel\u00e3o","link":"https:\/\/www.futebolinterior.com.br\/serie-b-com-suspensos-ceara-encerra-preparacao-para-decisao-no-castelao\/","chapeu":"TUDO CERTO","data":"19\/09\/2016","imagem":"https:\/\/images.futebolinterior.com.br\/2021\/04\/0002050196543_img-300x200.jpg","resumo":"H\u00e1 nove jogos sem vencer no Campeonato Brasileiro da S\u00e9rie B, o Cear\u00e1 espera dar a \u2018\u00faltima cartada\u2019 nesta ter\u00e7a-feira, pela 27\u00aa rodada da competi\u00e7\u00e3o"},"525116":{"titulo":"S\u00e9rie B: Sem Jean Patrick, Luverdense viaja para enfrentar o Cear\u00e1","link":"https:\/\/www.futebolinterior.com.br\/serie-b-sem-jean-patrick-luverdense-viaja-para-enfrentar-o-ceara\/","chapeu":"MUDAN\u00c7A","data":"19\/09\/2016","imagem":"https:\/\/images.futebolinterior.com.br\/2021\/04\/0002050196533_img-300x177.jpg","resumo":"O Luverdense j\u00e1 est\u00e1 em Fortaleza e pronto para o pr\u00f3ximo compromisso do Campeonato Brasileiro da S\u00e9rie B"},"525127":{"titulo":"Vasco muda objetivo na S\u00e9rie B e ainda pode bater recorde do Corinthians","link":"https:\/\/www.futebolinterior.com.br\/vasco-muda-objetivo-na-serie-b-e-ainda-pode-bater-recorde-do-corinthians\/","chapeu":"CALMA L\u00c1","data":"19\/09\/2016","imagem":"https:\/\/images.futebolinterior.com.br\/2021\/04\/0002050196519_img-300x200.jpg","resumo":"Frustrando os planos da diretoria, o Vasco n\u00e3o poder\u00e1 mais fazer a melhor campanha da S\u00e9rie B do Campeonato Brasileiro na hist\u00f3ria dos pontos corridos"},"526216":{"titulo":"S\u00e9rie B: De cabe\u00e7a erguida, Estevam Soares deixa o Tupi","link":"https:\/\/www.futebolinterior.com.br\/serie-b-de-cabeca-erguida-estevam-soares-deixa-o-tupi\/","chapeu":"MAIS UM...","data":"19\/09\/2016","imagem":"https:\/\/images.futebolinterior.com.br\/2021\/04\/0002050196448_img-300x188.jpg","resumo":"A \u00faltima partida em que esteve \u00e0 frente do Galo Carij\u00f3 aconteceu no s\u00e1bado, quando a equipe empatou fora de casa com o Oeste"},"524956":{"titulo":"S\u00e9rie B: Douglas quer vit\u00f3ria do Cear\u00e1 sobre o Luverdense nesta ter\u00e7a-feira","link":"https:\/\/www.futebolinterior.com.br\/serie-b-douglas-quer-vitoria-do-ceara-sobre-o-luverdense-nesta-terca-feira\/","chapeu":"QUER A VIT\u00d3RIA!","data":"19\/09\/2016","imagem":"https:\/\/images.futebolinterior.com.br\/2021\/04\/0002050196435_img-300x177.jpg","resumo":"Goleiro vem lutando para ganhar chance na equipe alvinegra"},"526282":{"titulo":"Sele\u00e7\u00e3o S\u00c9RIE B com autor de gol ol\u00edmpico, meia craque e artilheiro hat-trick","link":"https:\/\/www.futebolinterior.com.br\/selecao-serie-b-com-autor-de-gol-olimpico-meia-craque-e-artilheiro-hat-trick\/","chapeu":"OS DESTAQUES","data":"18\/09\/2016","imagem":"https:\/\/images.futebolinterior.com.br\/2021\/04\/0002050196371_img-252x300.jpg","resumo":"Juninho fez gol ol\u00edmpico, Renato Caj\u00e1 matou a pau e Vin\u00edcius fez tr\u00eas gols como artilheiro Hat-Trick"},"525509":{"titulo":"S\u00e9rie B: Joinville confirma Ramon Menezes, \u00eddolo da torcida, como novo treinador","link":"https:\/\/www.futebolinterior.com.br\/serie-b-joinville-confirma-ramon-menezes-idolo-da-torcida-como-novo-treinador\/","chapeu":"NOVO CHEFE","data":"18\/09\/2016","imagem":"https:\/\/images.futebolinterior.com.br\/2021\/04\/0002050196118_img-300x210.jpg","resumo":"Campe\u00e3o da Libertadores com o Vasco, o ex-jogador ter\u00e1 uma miss\u00e3o complicada no comando do JEC"},"525190":{"titulo":"S\u00e9rie B: Eduardo comemora boa apresenta\u00e7\u00e3o e triunfo do Bahia sobre o Goi\u00e1s","link":"https:\/\/www.futebolinterior.com.br\/serie-b-eduardo-comemora-boa-apresentacao-e-triunfo-do-bahia-sobre-o-goias\/","chapeu":"JOGAMOS MUITO! ","data":"18\/09\/2016","imagem":"https:\/\/images.futebolinterior.com.br\/2021\/04\/0002050196022_img-300x199.jpg","resumo":"Lateral-direito tricolor falou sobre bom momento do time na competi\u00e7\u00e3o, ressaltando que o foco e permanecer no G4 at\u00e9 o fim "}}