{"524659":{"titulo":"S\u00e9rie B: Tupi est\u00e1 pr\u00f3ximo de anunciar Moacir Junior, ex-t\u00e9cnico de Tombense e Linense","link":"https:\/\/www.futebolinterior.com.br\/serie-b-tupi-esta-proximo-de-anunciar-moacir-junior-ex-tecnico-de-tombense-e-linense\/","chapeu":"NOVO COMANDANTE","data":"19\/09\/2016","imagem":"https:\/\/images.futebolinterior.com.br\/2021\/04\/0002050196670_img-300x203.jpg","resumo":"O treinador chega para substituir Estevam Soares, e deve ser apresentado oficialmente na ter\u00e7a-feira"},"525114":{"titulo":"S\u00e9rie D: Paulo Roberto afirma que recebeu proposta de time da S\u00e9rie B","link":"https:\/\/www.futebolinterior.com.br\/serie-d-paulo-roberto-afirma-que-recebeu-proposta-de-time-da-serie-b\/","chapeu":"RECUSOU?","data":"19\/09\/2016","imagem":"https:\/\/images.futebolinterior.com.br\/2021\/04\/0002050196657_img-300x169.jpg","resumo":"Ap\u00f3s o acesso com o S\u00e3o Bento, o t\u00e9cnico Paulo Roberto comentou sobre seus planos a curto prazo em entrevista ao Portal Futebol Interior"},"524670":{"titulo":"S\u00e9rie B: Crici\u00fama faz promo\u00e7\u00e3o nos ingressos e espera casa cheia na sexta","link":"https:\/\/www.futebolinterior.com.br\/serie-b-criciuma-faz-promocao-nos-ingressos-e-espera-casa-cheia-na-sexta\/","chapeu":"VAI BOMBAR?","data":"19\/09\/2016","imagem":"https:\/\/images.futebolinterior.com.br\/2021\/04\/0002050196660_img-300x200.jpg","resumo":"Embalado por duas vit\u00f3rias seguidas, o Tigre quer continuar na briga por uma vaga no G4"},"525015":{"titulo":"S\u00e9rie B: Marco Ant\u00f4nio evita fazer contas pelo acesso: \"\u00e9 pensar jogo a jogo\"","link":"https:\/\/www.futebolinterior.com.br\/serie-b-marco-antonio-evita-fazer-contas-pelo-acesso-e-pensar-jogo-a-jogo\/","chapeu":"P\u00c9S NO CH\u00c3O","data":"19\/09\/2016","imagem":"https:\/\/images.futebolinterior.com.br\/2021\/04\/0002050196639_img-300x160.jpg","resumo":"O Timbu tem 36 pontos, tr\u00eas a menos que o Bahia, primeiro integrante do G4"},"525171":{"titulo":"Copa Paulista: Comercial acerta retorno de dois atletas para a 2\u00aa fase","link":"https:\/\/www.futebolinterior.com.br\/copa-paulista-comercial-acerta-retorno-de-dois-atletas-para-a-2a-fase\/","chapeu":"REFOR\u00c7OS!","data":"19\/09\/2016","imagem":"https:\/\/images.futebolinterior.com.br\/2021\/04\/0002050196584_img-300x227.jpg","resumo":"Com a classifica\u00e7\u00e3o para a segunda fase da Copa Paulista, o Comercial acertou com dois refor\u00e7os para a sequ\u00eancia da competi\u00e7\u00e3o nesta segunda-feira"},"524765":{"titulo":"S\u00e9rie B: Brasil \"esquece\" trope\u00e7o em casa e mira reabilita\u00e7\u00e3o diante do Tupi","link":"https:\/\/www.futebolinterior.com.br\/serie-b-brasil-esquece-tropeco-em-casa-e-mira-reabilitacao-diante-do-tupi\/","chapeu":"NOVO FOCO","data":"19\/09\/2016","imagem":"https:\/\/images.futebolinterior.com.br\/2021\/04\/0002050196596_img-300x200.jpg","resumo":"Apesar da derrota para o Crici\u00fama, o Xavante continua entre os quatro melhores do campeonato"},"526045":{"titulo":"S\u00e9rie B: Atl\u00e9tico-GO pode ficar sem Magno Cruz para duelo dos l\u00edderes","link":"https:\/\/www.futebolinterior.com.br\/serie-b-atletico-go-pode-ficar-sem-magno-cruz-para-duelo-dos-lideres\/","chapeu":"EITA","data":"19\/09\/2016","imagem":"https:\/\/images.futebolinterior.com.br\/2021\/04\/0002050196580_img-300x169.jpg","resumo":"O meia passou por exames mais detalhados e aguarda o resultado para saber quanto tempo vai ficar afastado"},"525186":{"titulo":"S\u00e9rie B: J\u00f4, atacante do Londrina, \u00e9 absolvido ap\u00f3s xingar arbitragem","link":"https:\/\/www.futebolinterior.com.br\/serie-b-jo-atacante-do-londrina-e-absolvido-apos-xingar-arbitragem\/","chapeu":"A\u00cd SIM","data":"19\/09\/2016","imagem":"https:\/\/images.futebolinterior.com.br\/2021\/04\/0002050196576_img-300x206.jpg","resumo":"Assim, o jogador pode ser aproveitado por Cl\u00e1udio Tencatti no s\u00e1bado, diante do Vila Nova"},"524838":{"titulo":"Cear\u00e1 x Luverdense - Com casa cheia, Vovoz\u00e3o precisa vencer na S\u00e9rie B","link":"https:\/\/www.futebolinterior.com.br\/ceara-x-luverdense-com-casa-cheia-vovozao-precisa-vencer-na-serie-b\/","chapeu":"\u00c9 COM VOC\u00ca","data":"19\/09\/2016","imagem":"https:\/\/images.futebolinterior.com.br\/2021\/04\/0002050196548_img-300x200.jpg","resumo":"Com promessa de casa cheia, o Cear\u00e1 mais uma vez depende apenas de si no Campeonato Brasileiro da S\u00e9rie B"},"524816":{"titulo":"S\u00c9RIE B: Precisando vencer, Cear\u00e1 e Luverdense desafiam tabus no Castel\u00e3o","link":"https:\/\/www.futebolinterior.com.br\/serie-b-precisando-vencer-ceara-e-luverdense-desafiam-tabus-no-castelao\/","chapeu":"QUEM LEVA?","data":"19\/09\/2016","imagem":"https:\/\/images.futebolinterior.com.br\/2021\/04\/0002050196557_img-300x200.jpg","resumo":"Mesmo h\u00e1 nove jogos sem vencer, o Cear\u00e1 depende apensas de si para continuar na briga pelo acesso na S\u00e9rie B do Campeonato Brasileiro"}}