{"524344":{"titulo":"S\u00e9rie B: Sem Jael, Ramon Menezes barra jogadores e escala o Joinville","link":"https:\/\/www.futebolinterior.com.br\/serie-b-sem-jael-ramon-menezes-barra-jogadores-e-escala-o-joinville\/","chapeu":"FERA","data":"26\/09\/2016","imagem":"https:\/\/images.futebolinterior.com.br\/2021\/04\/0002050198140_img-300x200.jpg","resumo":"Ainda buscando a primeira vit\u00f3ria no Campeonato Brasileiro da S\u00e9rie B, o t\u00e9cnico Ramon Menezes deve ter desfalques no Joinville"},"523560":{"titulo":"S\u00e9rie B: Nen\u00ea comemora retorno do Vasco \u00e0 lideran\u00e7a isolada","link":"https:\/\/www.futebolinterior.com.br\/serie-b-nene-comemora-retorno-do-vasco-a-lideranca-isolada\/","chapeu":"FALA!","data":"26\/09\/2016","imagem":"https:\/\/images.futebolinterior.com.br\/2021\/04\/0002050198128_img-300x204.jpg","resumo":"Gigante da Colina volta a campo no pr\u00f3ximo s\u00e1bado, quando vai at\u00e9 Pernambuco para enfrentar o N\u00e1utico"},"523163":{"titulo":"T\u00e9cnico finalista da Segundona \u00e9 o convidado do \u201cCamarote RF\u201d","link":"https:\/\/www.futebolinterior.com.br\/tecnico-finalista-da-segundona-e-o-convidado-do-camarote-rf\/","chapeu":"IMPERD\u00cdVEL!","data":"26\/09\/2016","imagem":"https:\/\/images.futebolinterior.com.br\/2021\/04\/0002050198117_img-300x189.jpg","resumo":"Ricardo Costa recolocou a Portuguesa Santista no Paulista A3; na decis\u00e3o, Briosa encara o Desportivo Brasil"},"523674":{"titulo":"Entre os paulistas s\u00f3 o Verd\u00e3o venceu no Brasileir\u00e3o","link":"https:\/\/www.futebolinterior.com.br\/entre-os-paulistas-so-o-verdao-venceu-no-brasileirao\/","chapeu":"OPINI\u00c3O","data":"25\/09\/2016","imagem":"https:\/\/images.futebolinterior.com.br\/2021\/04\/0002050198060_img-300x200.jpg","resumo":"Com esse resultado o Verd\u00e3o manteve-se na primeira coloca\u00e7\u00e3o isolada do Brasileir\u00e3o e deu mais um passo importante rumo ao t\u00edtulo da temporada"},"523242":{"titulo":"Paran\u00e1 contrata t\u00e9cnico Roberto Fernandes que livrou time da S\u00e9rie C do rebaixamento","link":"https:\/\/www.futebolinterior.com.br\/parana-contrata-tecnico-roberto-fernandes-que-livrou-time-da-serie-c-do-rebaixamento\/","chapeu":"O SALVADOR","data":"25\/09\/2016","imagem":"https:\/\/images.futebolinterior.com.br\/2021\/04\/0002050198049_img-274x300.jpg","resumo":"Principal novidade na comiss\u00e3o t\u00e9cnica vai ser o auxiliar Ageu, ex-zagueiro e \u00eddolo do Triclor paranaense"},"524505":{"titulo":"S\u00e9rie B: Marcelo Martelotte \u00e9 demitido ap\u00f3s terceira derrota seguida do Paran\u00e1","link":"https:\/\/www.futebolinterior.com.br\/serie-b-marcelo-martelotte-e-demitido-apos-terceira-derrota-seguida-do-parana\/","chapeu":"CAIU","data":"25\/09\/2016","imagem":"https:\/\/images.futebolinterior.com.br\/2021\/04\/0002050198033_img-300x187.jpg","resumo":"Por coincid\u00eancia, o Tricolor muda a comiss\u00e3o t\u00e9cnica depois de outra derrota para o N\u00e1utico"},"523281":{"titulo":"Paysandu x Bragantino - Duelo de seis pontos para fugir do Z4","link":"https:\/\/www.futebolinterior.com.br\/paysandu-x-bragantino-duelo-de-seis-pontos-para-fugir-do-z4\/","chapeu":"QUEM LEVA?","data":"25\/09\/2016","imagem":"https:\/\/images.futebolinterior.com.br\/2021\/04\/0002050197993_img-300x200.jpg","resumo":"O Massa Bruta quer encontrar uma luz, enquanto o Pap\u00e3o n\u00e3o se complicar"},"523566":{"titulo":"S\u00e9rie B: Volante Adriano destaca import\u00e2ncia do triunfo do Goi\u00e1s sobre o Oeste","link":"https:\/\/www.futebolinterior.com.br\/serie-b-volante-adriano-destaca-importancia-do-triunfo-do-goias-sobre-o-oeste\/","chapeu":"BOM RESULTADO","data":"25\/09\/2016","imagem":"https:\/\/images.futebolinterior.com.br\/2021\/04\/0002050197987_img-300x211.jpg","resumo":"\"A equipe vem evoluindo jogo a jogo e tem condi\u00e7\u00f5es de melhorar bastante na tabela de classifica\u00e7\u00e3o\", disse o jogador"},"523303":{"titulo":"S\u00e9rie B: Jonatas Belusso elogia luta do Brasil de Pelotas em empate com o Tupi","link":"https:\/\/www.futebolinterior.com.br\/serie-b-jonatas-belusso-elogia-luta-do-brasil-de-pelotas-em-empate-com-o-tupi\/","chapeu":"GARRA!","data":"25\/09\/2016","imagem":"https:\/\/images.futebolinterior.com.br\/2021\/04\/0002050197984_img-300x200.jpg","resumo":"\"Lutamos at\u00e9 o fim e poder\u00edamos at\u00e9 ter sa\u00eddo com uma vit\u00f3ria, mas o resultado foi bom\", disse"},"523585":{"titulo":"Os 8 que sobraram da Copa do Brasil. S\u00e3o 8 Campe\u00f5es","link":"https:\/\/www.futebolinterior.com.br\/os-8-que-sobraram-da-copa-do-brasil-sao-8-campeoes\/","chapeu":"OPINI\u00c3O","data":"25\/09\/2016","imagem":"https:\/\/images.futebolinterior.com.br\/2021\/04\/0002050197973_img-300x194.jpg","resumo":"Gr\u00eamio e Cruzeiro 4 t\u00edtulos cada um; Palmeiras e Corinthians 3 t\u00edtulos, Santos, Inter, Atl\u00e9tico Mineiro e Juventude 1 t\u00edtulo. "}}