{"523031":{"titulo":"S\u00e9rie B: Embalado, Ava\u00ed evita falar em acesso e planeja jogo a jogo","link":"https:\/\/www.futebolinterior.com.br\/serie-b-embalado-avai-evita-falar-em-acesso-e-planeja-jogo-a-jogo\/","chapeu":"P\u00c9S NO CH\u00c3O","data":"26\/09\/2016","imagem":"https:\/\/images.futebolinterior.com.br\/2021\/04\/0002050198194_img-300x225.jpg","resumo":"O Le\u00e3o \u00e9 dono da melhor campanha do returno e j\u00e1 aparece na terceira coloca\u00e7\u00e3o"},"523073":{"titulo":"S\u00e9rie B: Guilherme Alves fica sem palavras ap\u00f3s novo trope\u00e7o do Vila Nova em casa","link":"https:\/\/www.futebolinterior.com.br\/serie-b-guilherme-alves-fica-sem-palavras-apos-novo-tropeco-do-vila-nova-em-casa\/","chapeu":"\"UM ABSURDO\"","data":"26\/09\/2016","imagem":"https:\/\/images.futebolinterior.com.br\/2021\/04\/0002050198184_img-300x153.jpg","resumo":"Sem ganhar h\u00e1 quase um m\u00eas em Goi\u00e2nia, o Tigre tem a terceira pior campanha como mandante"},"523299":{"titulo":"S\u00e9rie C: Bragantino espera pagamento para liberar atacante ao Guarani","link":"https:\/\/www.futebolinterior.com.br\/serie-c-bragantino-espera-pagamento-para-liberar-atacante-ao-guarani\/","chapeu":"PAGA N\u00d3IS!","data":"26\/09\/2016","imagem":"https:\/\/images.futebolinterior.com.br\/2021\/04\/0002050198181_img-300x174.jpg","resumo":"Eliandro est\u00e1 treinando no Brinco de Ouro h\u00e1 duas semanas, mas ainda n\u00e3o foi registrado no BID."},"523075":{"titulo":"Atl\u00e9tico-GO x Joinville - \u00c9 a estreia do Ol\u00edmpico na S\u00e9rie B","link":"https:\/\/www.futebolinterior.com.br\/atletico-go-x-joinville-e-a-estreia-do-olimpico-na-serie-b\/","chapeu":"VAMO DRAG\u00c3O","data":"26\/09\/2016","imagem":"https:\/\/images.futebolinterior.com.br\/2021\/04\/0002050198167_img-300x146.jpg","resumo":"O Atl\u00e9tico-GO tem uma novidade importante para enfrentar o Joinville nesta ter\u00e7a-feira, pela 28\u00aa rodada do Campeonato Brasileiro da S\u00e9rie B"},"523092":{"titulo":"S\u00e9rie B: CRB inicia a semana com refor\u00e7os para acabar com jejum de cinco jogos","link":"https:\/\/www.futebolinterior.com.br\/serie-b-crb-inicia-a-semana-com-reforcos-para-acabar-com-jejum-de-cinco-jogos\/","chapeu":"BOA NOT\u00cdCIA","data":"26\/09\/2016","imagem":"https:\/\/images.futebolinterior.com.br\/2021\/04\/0002050198171_img-300x196.jpg","resumo":"O lateral-direito Marcos Martins e o atacante Z\u00e9 Carlos voltam ap\u00f3s cumprirem suspens\u00e3o"},"524299":{"titulo":"S\u00c9RIE B: Atl\u00e9tico-GO no 'clima Ol\u00edmpico' e Brasil 'frente a frente' com Cear\u00e1","link":"https:\/\/www.futebolinterior.com.br\/serie-b-atletico-go-no-clima-olimpico-e-brasil-frente-a-frente-com-ceara\/","chapeu":"PRA CIMA!","data":"26\/09\/2016","imagem":"https:\/\/images.futebolinterior.com.br\/2021\/04\/0002050198161_img-300x200.jpg","resumo":"A 28\u00aa rodada do Campeonato Brasileiro da S\u00e9rie B come\u00e7a nesta ter\u00e7a-feira, 27, com dois jogos"},"523356":{"titulo":"S\u00e9rie B: Cear\u00e1 aposta no mist\u00e9rio para acabar com jejum de dez jogos","link":"https:\/\/www.futebolinterior.com.br\/serie-b-ceara-aposta-no-misterio-para-acabar-com-jejum-de-dez-jogos\/","chapeu":"SUSPENSE","data":"26\/09\/2016","imagem":"https:\/\/images.futebolinterior.com.br\/2021\/04\/0002050198156_img-300x200.jpg","resumo":"O presidente Robinson de Castro garantiu mais uma vez a perman\u00eancia de S\u00e9rgio Soares"},"524319":{"titulo":"S\u00e9rie B: Titular, promessa Douglas renova contrato com o Vasco at\u00e9 2019","link":"https:\/\/www.futebolinterior.com.br\/serie-b-titular-promessa-douglas-renova-contrato-com-o-vasco-ate-2019\/","chapeu":"NEG\u00d3CIO FECHADO","data":"26\/09\/2016","imagem":"https:\/\/images.futebolinterior.com.br\/2021\/04\/0002050198154_img-300x200.jpg","resumo":"\"Estou feliz demais com o dia de hoje, por ter a chance de ampliar a minha perman\u00eancia no Vasco\", comemorou"},"524310":{"titulo":"S\u00e9rie B: T\u00e9cnico do Brasil fala sobre confronto com o Cear\u00e1 no Bento Freitas","link":"https:\/\/www.futebolinterior.com.br\/serie-b-tecnico-do-brasil-fala-sobre-confronto-com-o-ceara-no-bento-freitas\/","chapeu":"E AI?","data":"26\/09\/2016","imagem":"https:\/\/images.futebolinterior.com.br\/2021\/04\/0002050198153_img-300x202.jpg","resumo":"Apesar de estar brigando por uma vaga no G4 do Campeonato Brasileiro da S\u00e9rie B, o Brasil de Pelotas n\u00e3o esconde que o primeiro objetivo da temporada \u00e9 \u2018escapar\u2019 do rebaixamento"},"523537":{"titulo":"S\u00e9rie B: Renato Caj\u00e1 reclama da arbitragem: \"teve alguma coisa estranha\"","link":"https:\/\/www.futebolinterior.com.br\/serie-b-renato-caja-reclama-da-arbitragem-teve-alguma-coisa-estranha\/","chapeu":"DESCULPA?","data":"26\/09\/2016","imagem":"https:\/\/images.futebolinterior.com.br\/2021\/04\/0002050198143_img-300x227.jpg","resumo":"O meia disse que o Tricolor tem que esquecer o trope\u00e7o em Macei\u00f3 e focar na recupera\u00e7\u00e3o diante do Crici\u00fama"}}