{"611946":{"titulo":"S\u00e9rie B: Maca\u00e9 volta aos treinos e Teixeira ter\u00e1 que partir pro ataque","link":"https:\/\/www.futebolinterior.com.br\/serie-b-macae-volta-aos-treinos-e-teixeira-tera-que-partir-pro-ataque\/","chapeu":"MUDAN\u00c7AS","data":"05\/10\/2015","imagem":"https:\/\/images.futebolinterior.com.br\/2021\/04\/0002050119192_img-300x200.png","resumo":"Depois de cinco rodadas sem vencer, o Maca\u00e9 finalmente volta a caminhar na S\u00e9rie B do Campeonato Brasileiro"},"611999":{"titulo":"S\u00e9rie B: Ap\u00f3s empate, Crici\u00fama oficializa demiss\u00e3o do t\u00e9cnico Petkovic","link":"https:\/\/www.futebolinterior.com.br\/serie-b-apos-empate-criciuma-oficializa-demissao-do-tecnico-petkovic\/","chapeu":"CAIU","data":"05\/10\/2015","imagem":"https:\/\/images.futebolinterior.com.br\/2021\/04\/0002050119139_img-300x170.jpg","resumo":"Conforme antecipou o Futebol Interior, o Crici\u00fama oficializou na manh\u00e3 desta segunda-feira a demiss\u00e3o do t\u00e9cnico Dejan Petkovic, ap\u00f3s o empate em 0 a 0 com o Paran\u00e1 em casa"},"612003":{"titulo":"Justi\u00e7a nega condicional a ex-dirigente da Conmebol levado a hospital","link":"https:\/\/www.futebolinterior.com.br\/justica-nega-condicional-a-ex-dirigente-da-conmebol-levado-a-hospital\/","chapeu":"NADA DISSO","data":"05\/10\/2015","imagem":"https:\/\/images.futebolinterior.com.br\/2021\/04\/0002050119144_img-300x170.jpg","resumo":"O ex-dirigente da Conmebol, Rafael Esquivel, que est\u00e1 preso na Su\u00ed\u00e7a desde 27 de maio sob suspeita de corrup\u00e7\u00e3o, foi levado a um hospital de Berna por causa de sua sa\u00fade "},"612044":{"titulo":"Atacantes que colocaram seus Am\u00e9rica-MG e Santa Cruz no G4 est\u00e3o na Sele\u00e7\u00e3o da S\u00c9RIE B","link":"https:\/\/www.futebolinterior.com.br\/atacantes-que-colocaram-seus-america-mg-e-santa-cruz-no-g4-estao-na-selecao-da-serie-b\/","chapeu":"SELE\u00c7\u00c3O DA B COM G4","data":"04\/10\/2015","imagem":"https:\/\/images.futebolinterior.com.br\/2021\/04\/0002050119107_img-259x300.jpg","resumo":"Os quatro \u00faltimos colocados perderam na rodada, inclusive o Cear\u00e1 que se iludiu com o \u201cpapinho\u201d do t\u00e9cnico Marcelo Cabo, demitido ap\u00f3s a derrota em casa para o Luverdense. "},"612066":{"titulo":"Botafogo aproveita pausa na S\u00e9rie B para recuperar Luis Ricardo e Fernandes","link":"https:\/\/www.futebolinterior.com.br\/botafogo-aproveita-pausa-na-serie-b-para-recuperar-luis-ricardo-e-fernandes\/","chapeu":"CONCENTRA\u00c7\u00c3O","data":"04\/10\/2015","imagem":"https:\/\/images.futebolinterior.com.br\/2021\/04\/0002050119068_img-300x169.jpg","resumo":"Al\u00e9m deles, o t\u00e9cnico Ricardo Gomes contar\u00e1 com o retorno do lateral-esquerdo Carleto, que cumpriu suspens\u00e3o na \u00faltima rodada"},"612247":{"titulo":"S\u00c9RIE B: Vit\u00f3ria dan\u00e7a o vira no Ba-Vi e Am\u00e9rica-MG tira Paysandu do G4","link":"https:\/\/www.futebolinterior.com.br\/serie-b-vitoria-danca-o-vira-no-ba-vi-e-america-mg-tira-paysandu-do-g4\/","chapeu":"RODADA QUENTE","data":"03\/10\/2015","imagem":"https:\/\/images.futebolinterior.com.br\/2021\/04\/0002050118774_img-300x208.jpg","resumo":"Am\u00e9rica-MG, que encerra a rodada, pode assumir o quarto lugar"},"612210":{"titulo":"Mogi Mirim 1 x 2 Am\u00e9rica-MG - Coelho vira no fim, afunda Sap\u00e3o e entra no G4","link":"https:\/\/www.futebolinterior.com.br\/mogi-mirim-1-x-2-america-mg-coelho-vira-no-fim-afunda-sapao-e-entra-no-g4\/","chapeu":"BOBEOU!","data":"03\/10\/2015","imagem":0,"resumo":"S\u00e1vio foi o her\u00f3i do jogo. Entrou nos minutos finais e na primeira chance fez o segundo do Coelho"},"612232":{"titulo":"S\u00e9rie B: Kanu comemora triunfo do Vit\u00f3ria sobre o Bahia e elogia postura rubro-negra no cl\u00e1ssico","link":"https:\/\/www.futebolinterior.com.br\/serie-b-kanu-comemora-triunfo-do-vitoria-sobre-o-bahia-e-elogia-postura-rubro-negra-no-classico\/","chapeu":"CONTENTE!","data":"03\/10\/2015","imagem":"https:\/\/images.futebolinterior.com.br\/2021\/04\/0002050118688_img-300x199.jpg","resumo":"Zagueiro foi um dos destaques da equipe no duelo com o tricolor"},"612234":{"titulo":"Luto! Morre campe\u00e3o paulista pela Inter e que jogou em grandes clubes do Brasil","link":"https:\/\/www.futebolinterior.com.br\/luto-morre-campeao-paulista-pela-inter-e-que-jogou-em-grandes-clubes-do-brasil\/","chapeu":"UM HEROI","data":"03\/10\/2015","imagem":"https:\/\/images.futebolinterior.com.br\/2021\/04\/0002050118685_img.jpg","resumo":"Seus gols chamaram a aten\u00e7\u00e3o de v\u00e1rios clubes e em 1983 foi artilheiro do Campeonato Ga\u00facho pelo Juventude"},"612243":{"titulo":"Atl\u00e9tico-GO 2 x 1 Paysandu - Drag\u00e3o quebra jejum em casa e Paysandu sofre terceira derrota seguida","link":"https:\/\/www.futebolinterior.com.br\/atletico-go-2-x-1-paysandu-dragao-quebra-jejum-em-casa-e-paysandu-sofre-terceira-derrota-seguida\/","chapeu":"TROPE\u00c7O E NO G4","data":"03\/10\/2015","imagem":0,"resumo":"Esta foi a segunda vit\u00f3ria seguida do time goiano, que antes tinha batido o Paran\u00e1, em Curitiba, e j\u00e1 aparece com 38 pontos, em 12.\u00ba lugar"}}