{"611884":{"titulo":"S\u00e9rie B: Am\u00e9rica-MG segue com problemas na lateral e t\u00e9cnico mant\u00e9m time","link":"https:\/\/www.futebolinterior.com.br\/serie-b-america-mg-segue-com-problemas-na-lateral-e-tecnico-mantem-time\/","chapeu":"CONTINUA","data":"05\/10\/2015","imagem":"https:\/\/images.futebolinterior.com.br\/2021\/04\/0002050119233_img-300x253.jpg","resumo":"Depois de uma vit\u00f3ria milagrosa fora de casa, o Am\u00e9rica-MG volta a campo nesta ter\u00e7a-feira, pela 30\u00aa rodada do Campeonato Brasileiro da S\u00e9rie B"},"611886":{"titulo":"S\u00e9rie B: Bahia tem desfalques no ataque e S\u00e9rgio pensa em usar a base","link":"https:\/\/www.futebolinterior.com.br\/serie-b-bahia-tem-desfalques-no-ataque-e-sergio-pensa-em-usar-a-base\/","chapeu":"L\u00c1 DEBAIXO","data":"05\/10\/2015","imagem":"https:\/\/images.futebolinterior.com.br\/2021\/04\/0002050119231_img-300x169.jpg","resumo":"J\u00e1 est\u00e1 na hora do Bahia levantar a cabe\u00e7a na S\u00e9rie B do Campeonato Brasileiro"},"611894":{"titulo":"S\u00e9rie B: Ap\u00f3s gol e expuls\u00e3o no Ba-Vi, Kieza tem carro apreendido em blitz","link":"https:\/\/www.futebolinterior.com.br\/serie-b-apos-gol-e-expulsao-no-ba-vi-kieza-tem-carro-apreendido-em-blitz\/","chapeu":"DO CEU AO INFERNO!","data":"05\/10\/2015","imagem":"https:\/\/images.futebolinterior.com.br\/2021\/04\/0002050119217_img-281x300.jpg","resumo":"O jogador marcou o gol mais r\u00e1pido do Tricolor na S\u00e9rie B - o cent\u00e9simo - mas foi expulsou e protagonizou uma confus\u00e3o no cl\u00e1ssico, para a ira dos Tricolores"},"611902":{"titulo":"S\u00e9rie B: Luverdense recebe Sampaio sem melindres e com time completo","link":"https:\/\/www.futebolinterior.com.br\/serie-b-luverdense-recebe-sampaio-sem-melindres-e-com-time-completo\/","chapeu":"FOCADO","data":"05\/10\/2015","imagem":"https:\/\/images.futebolinterior.com.br\/2021\/04\/0002050119223_img-300x177.jpg","resumo":"No afunilamento da S\u00e9rie B, os pr\u00f3ximos jogos s\u00e3o, em maioria, de confrontos diretos para quem quer acessar a elite ou para quem vai amargar a terceira divis\u00e3o no pr\u00f3ximo ano"},"611906":{"titulo":"S\u00e9rie B: Martelotte mexe no time titular do Santa Cruz ap\u00f3s vit\u00f3ria","link":"https:\/\/www.futebolinterior.com.br\/serie-b-martelotte-mexe-no-time-titular-do-santa-cruz-apos-vitoria\/","chapeu":"IMPROVISA\u00c7\u00c3O","data":"05\/10\/2015","imagem":"https:\/\/images.futebolinterior.com.br\/2021\/04\/0002050119220_img-300x200.png","resumo":"Brigando de perto pelo acesso na S\u00e9rie B do Campeonato Brasileiro, o Santa Cruz entra em campo nesta ter\u00e7a-feira, \u00e0s 20h30, contra o CRB, em Macei\u00f3 (AL)"},"611919":{"titulo":"S\u00e9rie B: Invicto h\u00e1 sete jogos, Oeste encara Paran\u00e1 sem dois titulares","link":"https:\/\/www.futebolinterior.com.br\/serie-b-invicto-ha-sete-jogos-oeste-encara-parana-sem-dois-titulares\/","chapeu":"EM BUSCA DA 8\u00aa!","data":"05\/10\/2015","imagem":"https:\/\/images.futebolinterior.com.br\/2021\/04\/0002050119214_img-300x165.jpg","resumo":"O zagueiro J\u00falio Lopes e o volante Eliv\u00e9lton, suspensos pelo terceiro amarelo, n\u00e3o encaram o Paran\u00e1 no Durival de Britto, nesta ter\u00e7a"},"611925":{"titulo":"S\u00e9rie B: Paysandu sofre com a 'bruxa' e Dado tem que trocar a zaga","link":"https:\/\/www.futebolinterior.com.br\/serie-b-paysandu-sofre-com-a-bruxa-e-dado-tem-que-trocar-a-zaga\/","chapeu":"MUDAN\u00c7AS","data":"05\/10\/2015","imagem":"https:\/\/images.futebolinterior.com.br\/2021\/04\/0002050119211_img-300x188.jpg","resumo":"Na cola do G4 da S\u00e9rie B do Campeonato Brasileiro e sonhando com o acesso, o Paysandu volta a campo nesta ter\u00e7a-feira, \u00e0s 21h30, para enfrentar o Bahia no est\u00e1dio Mangueir\u00e3o"},"611908":{"titulo":"Mem\u00f3rias do Futebol com Ariovaldo Izac: Kita","link":"https:\/\/www.futebolinterior.com.br\/memorias-do-futebol-com-ariovaldo-izac-kita\/","chapeu":"FATALIDADE!","data":"05\/10\/2015","imagem":"https:\/\/images.futebolinterior.com.br\/2021\/04\/0002050119219_img-300x169.jpg","resumo":"Mem\u00f3rias do Futebol com Ariovaldo Izac: Kita"},"611929":{"titulo":"S\u00e9rie B: Sampaio Corr\u00eaa sofre com les\u00f5es, mas L\u00e9o Cond\u00e9 define o time","link":"https:\/\/www.futebolinterior.com.br\/serie-b-sampaio-correa-sofre-com-lesoes-mas-leo-conde-define-o-time\/","chapeu":"CAMINHANDO","data":"05\/10\/2015","imagem":"https:\/\/images.futebolinterior.com.br\/2021\/04\/0002050119208_img-300x182.jpg","resumo":"Precisando da vit\u00f3ria para encostar no G4 da S\u00e9rie B do Campeonato Brasileiro, o Sampaio Corr\u00eaa viaja at\u00e9 Lucas do Rio Verde (MT) para enfrentar o Luverdense nesta ter\u00e7a-feira"},"611939":{"titulo":"S\u00e9rie B: Goleiro retorna ao Paran\u00e1 e interino deve mexer no ataque","link":"https:\/\/www.futebolinterior.com.br\/serie-b-goleiro-retorna-ao-parana-e-interino-deve-mexer-no-ataque\/","chapeu":"QUEM VEM","data":"05\/10\/2015","imagem":"https:\/\/images.futebolinterior.com.br\/2021\/04\/0002050119200_img-300x200.png","resumo":"Depois do empate com o Crici\u00fama fora de casa por 0 a 0, o Paran\u00e1 j\u00e1 voltou aos trabalhos visando o confronto com o Oeste nesta ter\u00e7a-feira, \u00e0s 20h30, pela 30\u00aa rodada da S\u00e9rie B"}}