{"635529":{"titulo":"S\u00e9rie B: Lateral Alem\u00e3o cumpre suspens\u00e3o e pode voltar no Bragantino em Crici\u00fama","link":"https:\/\/www.futebolinterior.com.br\/serie-b-lateral-alemao-cumpre-suspensao-e-pode-voltar-no-bragantino-em-criciuma\/","chapeu":"PODE VOLTAR","data":"05\/07\/2015","imagem":"https:\/\/images.futebolinterior.com.br\/2021\/04\/0002050093415_img-300x151.jpg","resumo":"O lateral-direito Alem\u00e3o, do Bragantino, cumpriu suspens\u00e3o contra o Santa Cruz e pode voltar ao Massa Bruta na partida contra o Crici\u00fama na ter\u00e7a-feira pela 11\u00aa rodada da S\u00e9rie B"},"635538":{"titulo":"S\u00e9rie B: Givanildo Oliveira comemora mini-metas cumpridas, \"Dez pontos em cinco rodadas\"","link":"https:\/\/www.futebolinterior.com.br\/serie-b-givanildo-oliveira-comemora-mini-metas-cumpridas-dez-pontos-em-cinco-rodadas\/","chapeu":"MINI-METAS","data":"05\/07\/2015","imagem":"https:\/\/images.futebolinterior.com.br\/2021\/04\/0002050093372_img-300x206.jpg","resumo":"Dos \u00faltimos oito jogos disputados foram seis vit\u00f3rias, um empate e apenas uma derrota. E essa \u00e9 a matem\u00e1tica projetada pelo t\u00e9cnico Givanildo ara a sequ\u00eancia de quem quer o titulo"},"635579":{"titulo":"S\u00e9rie B: Atl\u00e9tico-GO negocia retorno de lateral-esquerdo Eron","link":"https:\/\/www.futebolinterior.com.br\/serie-b-atletico-go-negocia-retorno-de-lateral-esquerdo-eron\/","chapeu":"QUASE L\u00c1!","data":"05\/07\/2015","imagem":"https:\/\/images.futebolinterior.com.br\/2021\/04\/0002050093287_img-300x200.jpg","resumo":"Jogador chegaria para uma posi\u00e7\u00e3o carente no elenco do Drag\u00e3o"},"635583":{"titulo":"S\u00e9rie B: Vit\u00f3ria perde trio, mas Mancini fala em chance aos reservas","link":"https:\/\/www.futebolinterior.com.br\/serie-b-vitoria-perde-trio-mas-mancini-fala-em-chance-aos-reservas\/","chapeu":"PROBLEMAS!","data":"05\/07\/2015","imagem":"https:\/\/images.futebolinterior.com.br\/2021\/04\/0002050093285_img-300x199.jpg","resumo":"A aus\u00eancia mais sentida ser\u00e1 do meia Escudero, considerado o term\u00f4metro do time na competi\u00e7\u00e3o"},"635596":{"titulo":"Sele\u00e7\u00e3o Futebol Interior da S\u00c9RIE B com goleiro homenageado e garoto de apenas 17 anos","link":"https:\/\/www.futebolinterior.com.br\/selecao-futebol-interior-da-serie-b-com-goleiro-homenageado-e-garoto-de-apenas-17-anos\/","chapeu":"SELE\u00c7\u00c3O DA S\u00c9RIE B","data":"05\/07\/2015","imagem":0,"resumo":"Entre os gola\u00e7os, est\u00e3o as cavadinhas de Renatinho, do Santa Cruz, e de J\u00fanior Neg\u00e3o, do Oeste. E no cl\u00e1ssico Ba-Vi, s\u00f3 deu Vit\u00f3ria, n\u00e3o s\u00f3 pelos 4 a 1 em cima do Bahia, no Barrad\u00e3"},"635585":{"titulo":"S\u00e9rie B: Garoto de 17 anos, Luis Henrique brilha e entra na pauta de renova\u00e7\u00e3o do Botafogo","link":"https:\/\/www.futebolinterior.com.br\/serie-b-garoto-de-17-anos-luis-henrique-brilha-e-entra-na-pauta-de-renovacao-do-botafogo\/","chapeu":"REUNI\u00c3O MARCADA!","data":"05\/07\/2015","imagem":"https:\/\/images.futebolinterior.com.br\/2021\/04\/0002050093281_img-300x157.jpg","resumo":"O Fog\u00e3o planeja se reunir com o jogador para oferecer um sal\u00e1rio de profissional e estender o seu v\u00ednculo"},"635589":{"titulo":"S\u00e9rie B: Ex-Ponte, Alexandro recebe proposta e \u00e9 liberado pelo Bahia","link":"https:\/\/www.futebolinterior.com.br\/serie-b-ex-ponte-alexandro-recebe-proposta-e-e-liberado-pelo-bahia\/","chapeu":"ADEUS...","data":"05\/07\/2015","imagem":"https:\/\/images.futebolinterior.com.br\/2021\/04\/0002050093270_img-300x153.jpg","resumo":"Uma cl\u00e1usula em seu contrato permite a rescis\u00e3o com o Tricolor"},"635605":{"titulo":"S\u00e9rie B: Para integrar base, Paran\u00e1 apresenta novo gerente de futebol","link":"https:\/\/www.futebolinterior.com.br\/serie-b-para-integrar-base-parana-apresenta-novo-gerente-de-futebol\/","chapeu":"CHEGOU","data":"05\/07\/2015","imagem":"https:\/\/images.futebolinterior.com.br\/2021\/04\/0002050093265_img-300x200.jpg","resumo":"Marcos Mathias Lamers chega para a vaga que era de Edson Neguinho no come\u00e7o do ano"},"635634":{"titulo":"Muricy Ramalho diz que h\u00e1 muita gente que est\u00e1 'matando' o futebol brasileiro","link":"https:\/\/www.futebolinterior.com.br\/muricy-ramalho-diz-que-ha-muita-gente-que-esta-matando-o-futebol-brasileiro\/","chapeu":"TRISTE!","data":"05\/07\/2015","imagem":"https:\/\/images.futebolinterior.com.br\/2021\/04\/0002050093189_img-300x169.jpg","resumo":"O treinador, que recusou tr\u00eas propostas nos \u00faltimos dias, disse, em entrevista exclusiva, que n\u00e3o sente falta do futebol e que pode se aposentar definitivamente"},"635659":{"titulo":"S\u00c9RIE B: Vit\u00f3ria goleia o rival Bahia e tr\u00eas derrotas paulistas fecham a 10.\u00aa rodada","link":"https:\/\/www.futebolinterior.com.br\/serie-b-vitoria-goleia-o-rival-bahia-e-tres-derrotas-paulistas-fecham-a-10-a-rodada\/","chapeu":"PAULISTAS EM QUEDA","data":"04\/07\/2015","imagem":"https:\/\/images.futebolinterior.com.br\/2021\/04\/0002050093097_img-300x190.jpg","resumo":"Entre os paulistas, derrotas de Bragantino, Oeste e do lanterna Mogi Mirim. Na frente aparecem Botafogo, Paysandu, N\u00e1utico e Am\u00e9rica Mineiro."}}