{"614199":{"titulo":"S\u00e9rie B: L\u00e9o Cond\u00e9 confirma Pimentinha no banco do Sampaio diante do Santa Cruz","link":"https:\/\/www.futebolinterior.com.br\/serie-b-leo-conde-confirma-pimentinha-no-banco-do-sampaio-diante-do-santa-cruz\/","chapeu":"SURPRESA?","data":"25\/09\/2015","imagem":"https:\/\/images.futebolinterior.com.br\/2021\/04\/0002050116827_img-300x225.jpg","resumo":"A \u00fanica mudan\u00e7a no time ocorreu na defesa, Luiz Ot\u00e1vio deixou a equipe para a entrada de Edimar"},"614205":{"titulo":"S\u00e9rie B: Maxi e Tiago Real voltam para refor\u00e7ar Bahia contra Luverdense","link":"https:\/\/www.futebolinterior.com.br\/serie-b-maxi-e-tiago-real-voltam-para-reforcar-bahia-contra-luverdense\/","chapeu":"VAI COM TUDO!","data":"25\/09\/2015","imagem":"https:\/\/images.futebolinterior.com.br\/2021\/04\/0002050116825_img-300x177.jpg","resumo":"O ataque, por\u00e9m, deve ser mantido com Kieza e Roger, deixando uma dor de cabe\u00e7a boa para o t\u00e9cnico Sergio Soares"},"614211":{"titulo":"S\u00e9rie B: Com Grafite, Santa Cruz est\u00e1 definido para encarar o Sampaio","link":"https:\/\/www.futebolinterior.com.br\/serie-b-com-grafite-santa-cruz-esta-definido-para-encarar-o-sampaio\/","chapeu":"VAI COM TUDO","data":"25\/09\/2015","imagem":"https:\/\/images.futebolinterior.com.br\/2021\/04\/0002050116820_img-300x200.jpg","resumo":"A briga \u00e9 direta por uma vaga entre os quatro primeiros no Campeonato Brasileiro da S\u00e9rie B"},"614219":{"titulo":"S\u00e9rie B: Buscando G4, Luverdense tem mudan\u00e7as contra Bahia","link":"https:\/\/www.futebolinterior.com.br\/serie-b-buscando-g4-luverdense-tem-mudancas-contra-bahia\/","chapeu":"QUEM JOGA?","data":"25\/09\/2015","imagem":"https:\/\/images.futebolinterior.com.br\/2021\/04\/0002050116814_img-300x200.jpg","resumo":"O zagueiro Luiz Ot\u00e1vio \u00e9 a novidade do time em rela\u00e7\u00e3o ao triunfo diante do Crici\u00fama"},"614223":{"titulo":"S\u00e9rie B: Com caras novas, Cear\u00e1 tem mudan\u00e7as para buscar vit\u00f3ria","link":"https:\/\/www.futebolinterior.com.br\/serie-b-com-caras-novas-ceara-tem-mudancas-para-buscar-vitoria\/","chapeu":"AGORA VAI?","data":"25\/09\/2015","imagem":"https:\/\/images.futebolinterior.com.br\/2021\/04\/0002050116813_img-300x177.jpg","resumo":"J\u00falio C\u00e9sar e Ricardo Concei\u00e7\u00e3o ser\u00e3o titulares contra o Oeste"},"614252":{"titulo":"S\u00e9rie B: Com d\u00favida, treinador do ABC comemora semana de prepara\u00e7\u00e3o","link":"https:\/\/www.futebolinterior.com.br\/serie-b-com-duvida-treinador-do-abc-comemora-semana-de-preparacao\/","chapeu":"AGORA VAI?","data":"25\/09\/2015","imagem":"https:\/\/images.futebolinterior.com.br\/2021\/04\/0002050116795_img-300x300.jpg","resumo":"Lesionado, Bismarck ainda n\u00e3o teve escala\u00e7\u00e3o confirmada pelo Mais Querido"},"614300":{"titulo":"S\u00e9rie B: 'Feliz demais' no Botafogo, Neilton v\u00ea 'contagem regressiva' para volta \u00e0 elite","link":"https:\/\/www.futebolinterior.com.br\/serie-b-feliz-demais-no-botafogo-neilton-ve-contagem-regressiva-para-volta-a-elite\/","chapeu":"QUASE L\u00c1","data":"25\/09\/2015","imagem":"https:\/\/images.futebolinterior.com.br\/2021\/04\/0002050116785_img-300x148.jpg","resumo":"Neilton reconheceu nesta sexta-feira, ap\u00f3s treino f\u00edsico realizado sob forte calor no Engenh\u00e3o, que o clima \u00e9 de \"contagem regressiva\" para o retorno ao Brasileir\u00e3o. "},"614269":{"titulo":"Dupla volta, mas Vit\u00f3ria repete escala\u00e7\u00e3o para \"choque de gigantes\"","link":"https:\/\/www.futebolinterior.com.br\/dupla-volta-mas-vitoria-repete-escalacao-para-choque-de-gigantes\/","chapeu":"FOR\u00c7A M\u00c1XIMA","data":"25\/09\/2015","imagem":"https:\/\/images.futebolinterior.com.br\/2021\/04\/0002050116786_img-300x198.jpg","resumo":"Mancini ter\u00e1 as voltas de Mattis e Diogo Mateus, mas n\u00e3o usar\u00e1 jogadores"},"614288":{"titulo":"S\u00e9rie B: Leandro Carvalho e meia Carlos Alberto deixam Paysandu","link":"https:\/\/www.futebolinterior.com.br\/serie-b-leandro-carvalho-e-meia-carlos-alberto-deixam-paysandu\/","chapeu":"MUDAN\u00c7AS","data":"25\/09\/2015","imagem":"https:\/\/images.futebolinterior.com.br\/2021\/04\/0002050116770_img-300x170.jpg","resumo":"Enquanto isto, Dado Cavalcanti segue preparando a equipe para duelo decisivo contra Vit\u00f3ria"},"614304":{"titulo":"S\u00e9rie B: N\u00e1utico convoca torcida, mas faz mist\u00e9rio para duelo decisivo","link":"https:\/\/www.futebolinterior.com.br\/serie-b-nautico-convoca-torcida-mas-faz-misterio-para-duelo-decisivo\/","chapeu":"E AGORA?","data":"25\/09\/2015","imagem":"https:\/\/images.futebolinterior.com.br\/2021\/04\/0002050116764_img-300x212.jpg","resumo":"T\u00e9cnico GIlmar Dal Pozzo aguarda DM para saber se contar\u00e1 com Douglas e Guilherme Bitteco"}}