{"614091":{"titulo":"Cear\u00e1 x Oeste - Hora do Voz\u00e3o mostrar sua for\u00e7a no Castel\u00e3o, ser\u00e1?","link":"https:\/\/www.futebolinterior.com.br\/ceara-x-oeste-hora-do-vozao-mostrar-sua-forca-no-castelao-sera\/","chapeu":"QUEM LEVA?","data":"25\/09\/2015","imagem":0,"resumo":"O Rubr\u00e3o quer se distanciar da zona de rebaixamento e o clube cearense fugir"},"614163":{"titulo":"Sampaio Corr\u00eaa x Santa Cruz - O Castel\u00e3o vai tremer...","link":"https:\/\/www.futebolinterior.com.br\/sampaio-correa-x-santa-cruz-o-castelao-vai-tremer\/","chapeu":"DECIS\u00c3O..","data":"25\/09\/2015","imagem":0,"resumo":"Os dois times est\u00e3o empatados na classifica\u00e7\u00e3o da S\u00e9rie B"},"614109":{"titulo":"N\u00e1utico x ABC - No reencontro de t\u00e9cnico com ex-clube, Elefante tenta se reerguer","link":"https:\/\/www.futebolinterior.com.br\/nautico-x-abc-no-reencontro-de-tecnico-com-ex-clube-elefante-tenta-se-reerguer\/","chapeu":"SAUDADES?","data":"25\/09\/2015","imagem":"https:\/\/images.futebolinterior.com.br\/2021\/04\/0002050116885_img-300x212.jpg","resumo":"Gilmar Dal Pozzo deixou o clube potiguar para assumir o Timbu, quem levar\u00e1 a melhor?"},"614119":{"titulo":"Vit\u00f3ria x Paysandu - Vice-lideran\u00e7a em jogo no duelo mais aguardado da rodada","link":"https:\/\/www.futebolinterior.com.br\/vitoria-x-paysandu-vice-lideranca-em-jogo-no-duelo-mais-aguardado-da-rodada\/","chapeu":"QUE BRIGA, AMIGO!","data":"25\/09\/2015","imagem":"https:\/\/images.futebolinterior.com.br\/2021\/04\/0002050116881_img-300x198.jpg","resumo":"Um ponto \u00e9 a diferen\u00e7a entre a dupla na tabela de classifica\u00e7\u00e3o. No retrospecto, o equil\u00edbrio domina"},"614126":{"titulo":"Luverdense x Bahia - LEC quer desbancar Tricolor do G4 para seguir sonhando","link":"https:\/\/www.futebolinterior.com.br\/luverdense-x-bahia-lec-quer-desbancar-tricolor-do-g4-para-seguir-sonhando\/","chapeu":"O SONHO DO G4!","data":"25\/09\/2015","imagem":0,"resumo":"O clube emergente do Mato Grosso tenta encostar no pelot\u00e3o de frente, enquanto a equipe baiana quer se manter nas primeiras coloca\u00e7\u00f5es"},"614140":{"titulo":"S\u00e9rie B: Jorge Wagner espera triunfo do Vit\u00f3ria sobre o Paysandu na Arena Fonte Nova","link":"https:\/\/www.futebolinterior.com.br\/serie-b-jorge-wagner-espera-triunfo-do-vitoria-sobre-o-paysandu-na-arena-fonte-nova\/","chapeu":"SEDE DE VIT\u00d3RIA!","data":"25\/09\/2015","imagem":"https:\/\/images.futebolinterior.com.br\/2021\/04\/0002050116869_img-300x213.jpg","resumo":"Experiente meia quer o Le\u00e3o ligado na equipe paraense neste s\u00e1bado"},"614149":{"titulo":"S\u00e9rie B: CRB muda meio time para enfrentar Mogi Mirim","link":"https:\/\/www.futebolinterior.com.br\/serie-b-crb-muda-meio-time-para-enfrentar-mogi-mirim\/","chapeu":"AGORA VAI?","data":"25\/09\/2015","imagem":"https:\/\/images.futebolinterior.com.br\/2021\/04\/0002050116841_img-300x203.jpg","resumo":"Leandro Bras\u00edlia, Juliano, Gerson Magr\u00e3o e Z\u00e9 Carlos est\u00e3o de volta ao time do Galo"},"614176":{"titulo":"S\u00e9rie B: Fernando Diniz ganha desfalques de \u00faltima hora no Paran\u00e1","link":"https:\/\/www.futebolinterior.com.br\/serie-b-fernando-diniz-ganha-desfalques-de-ultima-hora-no-parana\/","chapeu":"PROBLEMAS","data":"25\/09\/2015","imagem":"https:\/\/images.futebolinterior.com.br\/2021\/04\/0002050116849_img-300x200.jpg","resumo":"Henrique e Luciano Castan se tornaram problemas nesta sexta-feira"},"614174":{"titulo":"R\u00e1dio Futebol Interior transmite duelo da S\u00e9rie B do Brasileiro nesta sexta-feira","link":"https:\/\/www.futebolinterior.com.br\/radio-futebol-interior-transmite-duelo-da-serie-b-do-brasileiro-nesta-sexta-feira\/","chapeu":"FUTEBOL \u00c9 AQUI!","data":"25\/09\/2015","imagem":"https:\/\/images.futebolinterior.com.br\/2021\/04\/0002050116852_img-297x300.jpg","resumo":"R\u00e1dios Futebol Interior transmite duelo da S\u00e9rie B do Brasileiro nesta sexta-feira"},"614195":{"titulo":"S\u00e9rie B:Goleiro-artilheiro \u00e9 vetado, mas Atl\u00e9tico-GO ganha refor\u00e7o","link":"https:\/\/www.futebolinterior.com.br\/serie-bgoleiro-artilheiro-e-vetado-mas-atletico-go-ganha-reforco\/","chapeu":"VAI PARA CIMA...","data":"25\/09\/2015","imagem":"https:\/\/images.futebolinterior.com.br\/2021\/04\/0002050116829_img-300x185.jpg","resumo":"J\u00fanior Vi\u00e7osa poder\u00e1 jogar pela primeira vez no segundo turno da S\u00e9rie B"}}