{"1839834":{"titulo":"Beraldo comemora primeiro gol como profissional pelo S\u00e3o Paulo: 'Indescrit\u00edvel\"","link":"https:\/\/www.futebolinterior.com.br\/beraldo-comemora-primeiro-gol-como-profissional-pelo-sao-paulo-indescritivel\/","chapeu":"FELICIDADE","data":"22\/05\/2023","imagem":"https:\/\/images.futebolinterior.com.br\/2023\/05\/beraldo-zagueiro-sao-paulo1-300x241.jpg","resumo":"Aos 19 anos, Beraldo marcou seu primeiro gol como profissional na vit\u00f3ria do S\u00e3o Paulo sobre o Vasco da Gama"},"1839728":{"titulo":"Fora do Athletico-PR, Bryan Garc\u00eda vira testemunha na Opera\u00e7\u00e3o Penalidade M\u00e1xima","link":"https:\/\/www.futebolinterior.com.br\/bryan-garcia-athletico-testemunha-mp-go\/","chapeu":"TESTEMUNHA","data":"22\/05\/2023","imagem":"https:\/\/images.futebolinterior.com.br\/2023\/05\/bryan-garcia-athletico-300x205.jpg","resumo":"Demitido do Athletico-PR, o meia Bryan Garcia fechou um acordo com o MP de Goi\u00e1s para colaborar com as investiga\u00e7\u00f5es da Opera\u00e7\u00e3o Penalidade M\u00e1xima"},"1839672":{"titulo":"Joaquim se firma no Santos ap\u00f3s atua\u00e7\u00e3o de gala contra o Palmeiras","link":"https:\/\/www.futebolinterior.com.br\/joaquim-se-firma-no-santos-apos-atuacao-de-gala-contra-o-palmeiras\/","chapeu":"SOBERANO","data":"22\/05\/2023","imagem":"https:\/\/images.futebolinterior.com.br\/2023\/05\/joaquim-zagueiro-santos02-300x225.jpg","resumo":"Joaquim teve uma grande atua\u00e7\u00e3o no empate do Santos com o Palmeiras, no \u00faltimo s\u00e1bado, pelo Brasileir\u00e3o"},"1839532":{"titulo":"Esquema de apostas: primeiros jogadores ser\u00e3o julgados; saiba quem s\u00e3o e o que pode acontecer","link":"https:\/\/www.futebolinterior.com.br\/esquema-apostas-primeros-julgados\/","chapeu":"JULGAMENTO","data":"22\/05\/2023","imagem":"https:\/\/images.futebolinterior.com.br\/2023\/05\/bola-300x184.jpg","resumo":""},"1839520":{"titulo":"De clubes a artistas, racismo contra Vini Jr. gera onda de solidariedade nas redes sociais","link":"https:\/\/www.futebolinterior.com.br\/clubes-apoiam-vini-jr-racismo\/","chapeu":"RACISMO","data":"22\/05\/2023","imagem":"https:\/\/images.futebolinterior.com.br\/2023\/05\/vini-jr0santos-300x269.jpg","resumo":""},"1839364":{"titulo":"Luxemburgo se empolga com atua\u00e7\u00e3o do Corinthians no Maracan\u00e3: 'Podemos brigar em cima'","link":"https:\/\/www.futebolinterior.com.br\/luxemburgo-se-empolga-com-atuacao-do-corinthians-no-maracana-podemos-brigar-em-cima\/","chapeu":"OTIMISTA","data":"21\/05\/2023","imagem":"https:\/\/images.futebolinterior.com.br\/2023\/05\/IMG-20230521-WA0085-300x173.jpg","resumo":"O Corinthians chegou \u00e0 sete jogos sem vencer, e a press\u00e3o cresce ainda mais, j\u00e1 que a equipe segue na zona de rebaixamento"},"1839354":{"titulo":"BRASILEIR\u00c3O: Flamengo vence Corinthians e Gr\u00eamio mant\u00e9m tabu contra Inter","link":"https:\/\/www.futebolinterior.com.br\/brasileirao-flamengo-corinthians-grenal\/","chapeu":"CL\u00c1SSICOS!","data":"21\/05\/2023","imagem":"https:\/\/images.futebolinterior.com.br\/2023\/05\/flamengo-corinthians-300x185.png","resumo":"Em um domingo (21) importante para o Brasileir\u00e3o, dois jogos deram continuidade na s\u00e9tima rodada"},"1839240":{"titulo":"R\u00f3ger Guedes v\u00ea evolu\u00e7\u00e3o no Corinthians apesar de derrota: 'Saio mais feliz pelo que jogamos'","link":"https:\/\/www.futebolinterior.com.br\/roger-guedes-evolucao-corinthians\/","chapeu":"MELHORA!","data":"21\/05\/2023","imagem":"https:\/\/images.futebolinterior.com.br\/2023\/04\/CORINTHIANS-ROGER-scaled-e1682568144341-300x169.jpeg","resumo":"Corinthians perder para o Flamengo, por 1 a 0 no Maracan\u00e3, neste domingo"},"1839291":{"titulo":"Gr\u00eamio 3 x 1 Inter - Luis Su\u00e1rez brilha e Tricolor faz chocolate do Colorado","link":"https:\/\/www.futebolinterior.com.br\/gremio-3-x-1-inter-luis-suarez-briga-e-tricolor-faz-chocolate-do-colorado\/","chapeu":"O CARA!","data":"21\/05\/2023","imagem":"https:\/\/images.futebolinterior.com.br\/2023\/05\/Captura-de-Tela-2023-05-21-as-20.35.07-300x202.png","resumo":""},"1839174":{"titulo":"Flamengo 1 x 0 Corinthians - Tim\u00e3o joga bem, mas \u00e9 castigado com gol no fim","link":"https:\/\/www.futebolinterior.com.br\/flamengo-1-x-0-corinthians-timao-joga-bem-mas-e-castigado-com-gol-no-fim\/","chapeu":"DEU RUIM!","data":"21\/05\/2023","imagem":"https:\/\/images.futebolinterior.com.br\/2023\/05\/flamengo-1-300x200.jpeg","resumo":""}}