{"1842692":{"titulo":"Flamengo x Cruzeiro - Briga pela parte de cima e para aliviar a press\u00e3o","link":"https:\/\/www.futebolinterior.com.br\/flamengo-x-cruzeiro-briga-pela-parte-de-cima-e-para-aliviar-a-pressao\/","chapeu":"JOG\u00c3O!","data":"26\/05\/2023","imagem":"https:\/\/images.futebolinterior.com.br\/2023\/05\/image-300x200.jpg","resumo":""},"1842666":{"titulo":"Corinthians x Fluminense - Tim\u00e3o busca sair do Z4","link":"https:\/\/www.futebolinterior.com.br\/corinthians-x-fluminense-sair-do-z4\/","chapeu":"NO Z4!","data":"26\/05\/2023","imagem":"https:\/\/images.futebolinterior.com.br\/2023\/05\/corinthians-libertadores-e1684990113223-300x209.jpg","resumo":"No pr\u00f3ximo domingo (28), o Corinthians enfrenta o Fluminense pela oitava rodada do Brasileir\u00e3o"},"1842639":{"titulo":"Fortaleza x Vasco - Quem voltar\u00e1 a vencer no Brasileir\u00e3o?","link":"https:\/\/www.futebolinterior.com.br\/fortaleza-x-vasco-quem-voltara-a-vencer-no-brasileirao\/","chapeu":"PRESSIONADOS","data":"26\/05\/2023","imagem":"https:\/\/images.futebolinterior.com.br\/2023\/04\/Andrey-Santos-Vasco-2023-300x200.jpg","resumo":""},"1842555":{"titulo":"Red Bull Bragantino x Santos - Confronto em busca da ascens\u00e3o no Brasileiro","link":"https:\/\/www.futebolinterior.com.br\/rb-bragantino-santos-nabizao-brasileirao\/","chapeu":"BRASILEIR\u00c3O","data":"26\/05\/2023","imagem":"https:\/\/images.futebolinterior.com.br\/2023\/05\/RB-SANTOS-300x209.jpg","resumo":"Red Bull Bragantino e Santos se enfrentam neste domingo (28) pela 8\u00aa rodada do Brasileir\u00e3o"},"1842556":{"titulo":"Quem \u00e9 Beraldo, zagueiro do S\u00e3o Paulo, filho de jogador e 'dinheiro em caixa' para o clube","link":"https:\/\/www.futebolinterior.com.br\/lucas-beraldo-sao-paulo-quem-e\/","chapeu":"QUEM \u00c9?","data":"26\/05\/2023","imagem":"https:\/\/images.futebolinterior.com.br\/2023\/03\/beraldo-zagueiro-sao-paulo-300x248.jpg","resumo":"Lucas Beraldo j\u00e1 disputou 19 partidas na temporada, tendo atuado por 90 minutos em sete partidas sob o comando de Dorival"},"1842565":{"titulo":"Dodi pede foco no Campeonato Brasileiro para o Santos voltar a vencer fora de casa","link":"https:\/\/www.futebolinterior.com.br\/dodi-santos-quer-foco-brasileirao\/","chapeu":"FOCO!","data":"26\/05\/2023","imagem":"https:\/\/images.futebolinterior.com.br\/2023\/05\/imagem_2023-05-26_170339586-300x205.png","resumo":"O meia santista Dodi comentou a necessidade do clube manter o foco para buscar a vit\u00f3ria e o tabu no Nabi Abi Chedid"},"1842550":{"titulo":"Red Bull Bragantino lan\u00e7a a campanha #For\u00e7aInterior","link":"https:\/\/www.futebolinterior.com.br\/red-bull-bragantino-lanca-campanha-nova\/","chapeu":"LAN\u00c7AMENTO ","data":"26\/05\/2023","imagem":"https:\/\/images.futebolinterior.com.br\/2023\/05\/52927407460_c3db5d7e47_h-300x170.jpg","resumo":"O Massa Bruta sempre entra em campo para representar cada um dos mais de 170 mil habitantes da cidade (at\u00e9 aqueles que torcem um"},"1842553":{"titulo":"Ap\u00f3s \"novela\", S\u00e3o Paulo anuncia a volta de Alexandre Pato","link":"https:\/\/www.futebolinterior.com.br\/apos-novela-sao-paulo-anuncia-a-volta-de-alexandre-pato\/","chapeu":"QUACK!","data":"26\/05\/2023","imagem":"https:\/\/images.futebolinterior.com.br\/2023\/05\/gazeta-press-foto-1371125.jpg_554688468-e1685372555196-300x197.webp","resumo":""},"1842511":{"titulo":"S\u00e3o Paulo x Goi\u00e1s - Tricolor defende sequ\u00eancia invicta no Brasileir\u00e3o","link":"https:\/\/www.futebolinterior.com.br\/sao-paulo-goias-brasileirao\/","chapeu":"EMBALADO","data":"26\/05\/2023","imagem":"https:\/\/images.futebolinterior.com.br\/2023\/05\/sao-paulo-goias-300x258.jpg","resumo":"O S\u00e3o Paulo vai receber o Goi\u00e1s no Morumbi pela 8\u00aa rodada da S\u00e9rie A do Campeonato Brasileiro"},"1842501":{"titulo":"Fortaleza recebe o Vasco no Castel\u00e3o para vencer ap\u00f3s quatro jogos","link":"https:\/\/www.futebolinterior.com.br\/fortaleza-recebe-o-vasco-no-castelao-para-vencer-apos-quatro-jogos\/","chapeu":"VAI COM TUDO","data":"26\/05\/2023","imagem":"https:\/\/images.futebolinterior.com.br\/2023\/03\/vojvoda-300x195.jpg","resumo":""}}