{"1846652":{"titulo":"Gr\u00eamio x S\u00e3o Paulo - Em duelo de 'Tricolores' a disputa \u00e9 por G4","link":"https:\/\/www.futebolinterior.com.br\/gremio-x-sao-paulo-disputa-g4\/","chapeu":"CONFRONTO","data":"02\/06\/2023","imagem":"https:\/\/images.futebolinterior.com.br\/2023\/05\/imagem_2023-05-27_183647805-300x226.png","resumo":"Neste domingo (04), o Gr\u00eamio recebe o S\u00e3o Paulo pela nona rodada do Brasileir\u00e3o"},"1846654":{"titulo":"Soteldo \u00e9 convocado pela Venezuela em meio a negocia\u00e7\u00f5es do Santos para n\u00e3o perd\u00ea-lo","link":"https:\/\/www.futebolinterior.com.br\/soteldo-convocado-venezuela-santos\/","chapeu":"FOI","data":"02\/06\/2023","imagem":"https:\/\/images.futebolinterior.com.br\/2023\/06\/imagem_2023-06-02_160544894-300x208.png","resumo":"Yeferson Soteldo tem seu contrato de empr\u00e9stimo com o Santos apenas at\u00e9 o final do m\u00eas, mas o clube negocia sua contrata\u00e7\u00e3o"},"1846620":{"titulo":"BRASILEIR\u00c3O: Palmeiras tenta se aproximar do l\u00edder Botafogo","link":"https:\/\/www.futebolinterior.com.br\/palmeiras-tenta-se-aproximar\/","chapeu":"S\u00c9RIE A","data":"02\/06\/2023","imagem":"https:\/\/images.futebolinterior.com.br\/2023\/06\/palmeiras-brasileirao-300x169.jpg","resumo":"As emo\u00e7\u00f5es da 9\u00aa rodada do Brasileir\u00e3o seguem a todo vapor com os jogos de domingo (04); o Palmeiras tenta chegar mais perto do l\u00edder Botafogo"},"1846584":{"titulo":"Renato Ga\u00facho revela dores musculares e Su\u00e1rez pode desfalcar Gr\u00eamio contra o S\u00e3o Paulo","link":"https:\/\/www.futebolinterior.com.br\/renato-gaucho-revela-dores-musculares-e-suarez-pode-desfalcar-gremio-contra-o-sao-paulo\/","chapeu":"PUTZ","data":"02\/06\/2023","imagem":"https:\/\/images.futebolinterior.com.br\/2023\/06\/Renato-Gaucho-Gremio-300x169.jpg","resumo":"O t\u00e9cnico do Gr\u00eamio garantiu que vem avaliando o S\u00e3o Paulo faz algum tempo, n\u00e3o se ilude com a derrota do oponente por 3 a 1 para o Sport (avan\u00e7ou nos p\u00eanaltis com 5 a 3) e previu uma dura batalha em Porto Alegre"},"1846604":{"titulo":"Renato Augusto \u00e9 relacionado e Corinthians pode manter esquema contra Am\u00e9rica-MG","link":"https:\/\/www.futebolinterior.com.br\/renato-augusto-relacionado-corinthians-2\/","chapeu":"MUDAN\u00c7AS!","data":"02\/06\/2023","imagem":"https:\/\/images.futebolinterior.com.br\/2023\/04\/Renato-Augusto-tem-lesao-confirmada_Easy-Resize.com_-300x224.jpg","resumo":"A necessidade de pontos no Campeonato Brasileiro pode fazer Vanderlei Luxemburgo repetir o esquema que deu vaga ao Corinthians na Copa do Brasil"},"1846606":{"titulo":"BRASILEIR\u00c3O: Corinthians e Santos tentam engatar na competi\u00e7\u00e3o","link":"https:\/\/www.futebolinterior.com.br\/brasileirao-corinthians-santos-9-rodada\/","chapeu":"S\u00c9RIE A","data":"02\/06\/2023","imagem":"https:\/\/images.futebolinterior.com.br\/2023\/06\/roger-guedes2-300x230.jpg","resumo":"Quatro duelos est\u00e3o marcados para este s\u00e1bado na disputa por mais uma rodada do Brasileir\u00e3o; Corinthians e Santos tentam engatar na competi\u00e7\u00e3o"},"1846534":{"titulo":"Zagueiro do Corinthians desperta interesse de Flamengo e Atl\u00e9tico-MG","link":"https:\/\/www.futebolinterior.com.br\/zagueiro-corinthians-interesse-rivais\/","chapeu":"SONDADO","data":"02\/06\/2023","imagem":"https:\/\/images.futebolinterior.com.br\/2023\/06\/bruno-mendez-corinthians-300x170.jpg","resumo":"O jovem zagueiro Bruno Mendez, atualmente no Corinthians, est\u00e1 sendo sondado por dois grandes clubes brasileiros"},"1846511":{"titulo":"Atacante aciona Corinthians na Justi\u00e7a e pede rescis\u00e3o do contrato","link":"https:\/\/www.futebolinterior.com.br\/atacante-aciona-corinthians-justica\/","chapeu":"VISH","data":"02\/06\/2023","imagem":"https:\/\/images.futebolinterior.com.br\/2023\/06\/junior-moraes-corinthians-300x212.jpg","resumo":"Afastado do elenco do Corinthians, o atacante J\u00fanior Moraes acionou o clube na Justi\u00e7a pedindo rescis\u00e3o do contrato e pagamentos atrasados"},"1846486":{"titulo":"Dorival admite al\u00edvio, reconhece erros do S\u00e3o Paulo e valoriza Rafael: '\u00c9 o momento dele'","link":"https:\/\/www.futebolinterior.com.br\/dorival-admite-alivio-erros-sao-paulo\/","chapeu":"CLASSIFICADO","data":"02\/06\/2023","imagem":"https:\/\/images.futebolinterior.com.br\/2023\/06\/dorival-junior-300x237.jpg","resumo":""},"1846471":{"titulo":"Kleber Gladiador tem pris\u00e3o decretada por n\u00e3o pagamento de pens\u00e3o","link":"https:\/\/www.futebolinterior.com.br\/kleber-gladiador-tem-prisao-decretada-por-nao-pagamento-de-pensao\/","chapeu":"DEU RUIM!","data":"01\/06\/2023","imagem":"https:\/\/images.futebolinterior.com.br\/2023\/06\/KLEBER-300x183.jpeg","resumo":""}}