{"1846854":{"titulo":"Dudu marca Leila Pereira nas redes sociais e pede viagem para presidente do Palmeiras","link":"https:\/\/www.futebolinterior.com.br\/dudu-marca-leila-pereira-nas-redes-sociais-e-pede-viagem-para-presidente-do-palmeiras\/","chapeu":"EITA","data":"02\/06\/2023","imagem":"https:\/\/images.futebolinterior.com.br\/2023\/06\/Dudu-Leila-Palmeiras-300x169.jpg","resumo":"No texto da postagem da p\u00e1gina \"Raz\u00f5es para acreditar\" era explicado que o propriet\u00e1rio de uma empresa da Mal\u00e1sia fechou as atividades da companhia por cinco dias e levou todos os empregados para uma viagem de f\u00e9rias"},"1846848":{"titulo":"Fortaleza x Bahia - Ap\u00f3s viverem emo\u00e7\u00f5es distintas na Copa do Brasil se enfrentam no Brasileir\u00e3o","link":"https:\/\/www.futebolinterior.com.br\/fortaleza-x-bahia-apos-viverem-emocoes-distintas-na-copa-do-brasil-se-enfrentam-no-brasileirao\/","chapeu":"JOG\u00c3O","data":"02\/06\/2023","imagem":"https:\/\/images.futebolinterior.com.br\/2023\/06\/Bahia-x-Fortaleza-Brasileirao-300x200.jpg","resumo":"Em momento completamente diferente, o Bahia que n\u00e3o vence h\u00e1 quatro jogos - tr\u00eas derrotas e um empate - est\u00e1 na 16\u00aa coloca\u00e7\u00e3o, com sete pontos, \u00e0 beira da zona de rebaixamento"},"1846799":{"titulo":"Cruzeiro x Atl\u00e9tico-MG - Cl\u00e1ssico para esquecer a Copa do Brasil","link":"https:\/\/www.futebolinterior.com.br\/cruzeiro-x-atletico-mg-classico-para-esquecer-a-copa-do-brasil\/","chapeu":"VAI FERVER","data":"02\/06\/2023","imagem":"https:\/\/images.futebolinterior.com.br\/2023\/06\/classico-300x178.jpg","resumo":""},"1846777":{"titulo":"Rodrigo Nestor trabalha normalmente no S\u00e3o Paulo e pode ser refor\u00e7o na visita ao Gr\u00eamio","link":"https:\/\/www.futebolinterior.com.br\/rodrigo-nestor-sao-paulo\/","chapeu":"DE VOLTA!","data":"02\/06\/2023","imagem":"https:\/\/images.futebolinterior.com.br\/2021\/09\/rodrigo-nestor-meio-campista-do-sao-paulo-1618107247313_v2_450x337-300x225.jpg","resumo":"Rodrigo Nestor faz recupera\u00e7\u00e3o para refor\u00e7ar o time e o retorno pode ocorrer diante do Gr\u00eamio, neste domingo, tamb\u00e9m pelo Brasileir\u00e3o"},"1846807":{"titulo":"Rafael Navarro \u00e9 diagnosticado com edema na coxa e vira desfalque no Palmeiras","link":"https:\/\/www.futebolinterior.com.br\/rafael-navarro-desfalque-palmeiras\/","chapeu":"DESFALQUE!","data":"02\/06\/2023","imagem":"https:\/\/images.futebolinterior.com.br\/2023\/04\/navarro-santos-300x170.jpg","resumo":"O atacante Rafael Navarro foi diagnosticado com um edema na coxa direita nesta sexta-feira e ser\u00e1 desfalque do Palmeiras na partida contra o Coritiba"},"1846760":{"titulo":"Am\u00e9rica-MG x Corinthians - Coelho busca vit\u00f3ria para sair do Z4","link":"https:\/\/www.futebolinterior.com.br\/america-mg-x-corinthians-sair-do-z4\/","chapeu":"NO Z4!","data":"02\/06\/2023","imagem":"https:\/\/images.futebolinterior.com.br\/2023\/06\/AMERICA-CDB-300x189.jpg","resumo":"Neste s\u00e1bado (03), o Am\u00e9rica-MG recebe o Corinthians pela nona rodada do Brasileir\u00e3o"},"1846772":{"titulo":"Brasileir\u00e3o tem em campo Santos e Corinthians no s\u00e1bado","link":"https:\/\/www.futebolinterior.com.br\/brasileirao-tem-em-campo-santos-e-corinthians-no-sabado\/","chapeu":"OPINI\u00c3O","data":"02\/06\/2023","imagem":"https:\/\/images.futebolinterior.com.br\/2023\/06\/roger-guedes2-300x230.jpg","resumo":"O Time da Fiel joga fora de casa, a partir das 18h30, em Belo Horizonte, contra um dos piores times desta temporada, o Am\u00e9rica Mineiro"},"1846708":{"titulo":"Palmeiras x Coritiba - Embalado, Verd\u00e3o quer colar no topo","link":"https:\/\/www.futebolinterior.com.br\/palmeiras-coritiba-brasileirao-9-rodada\/","chapeu":"BRASILEIR\u00c3O","data":"02\/06\/2023","imagem":"https:\/\/images.futebolinterior.com.br\/2023\/06\/palmeiras-coritiba-300x242.jpg","resumo":"Embalado pela classifica\u00e7\u00e3o na Copa do Brasil, o Palmeiras recebe o Coritiba no Allianz Parque neste domingo (04), pela 9\u00aa rodada do Brasileir\u00e3o"},"1846702":{"titulo":"Ap\u00f3s elimina\u00e7\u00e3o do Atl\u00e9tico-MG, Coudet e Hulk s\u00e3o \"enquadrados\" por organizada no CT","link":"https:\/\/www.futebolinterior.com.br\/apos-eliminacao-do-atletico-mg-coudet-e-hulk-sao-enquadrados-por-organizada-no-ct\/","chapeu":"PRESS\u00c3O","data":"02\/06\/2023","imagem":"https:\/\/images.futebolinterior.com.br\/2023\/06\/COUDET-ORGANIZADA-300x134.jpg","resumo":"\u00cddolo recente da hist\u00f3ria do Galo, o atacante Hulk tamb\u00e9m foi abordado pela torcida"},"1846669":{"titulo":"Santos x Internacional - Pressionado, Peixe busca resposta positiva na Vila","link":"https:\/\/www.futebolinterior.com.br\/santos-internacional-brasileirao\/","chapeu":"BRASILEIR\u00c3O","data":"02\/06\/2023","imagem":"https:\/\/images.futebolinterior.com.br\/2023\/06\/SANTOS-INTER-300x227.jpg","resumo":"O Santos recebe o Internacional na Vila Belmiro, \u00e0s 21h deste s\u00e1bado (03), em partida v\u00e1lida pela 9\u00aa rodada do Brasileir\u00e3o"}}