{"1846396":{"titulo":"Corinthians deve emprestar Barletta para clube da S\u00e9rie B","link":"https:\/\/www.futebolinterior.com.br\/sem-espaco-com-luxa-corinthians-deve-emprestar-barletta-para-algum-clube-da-serie-b\/","chapeu":"PRETERIDO","data":"01\/06\/2023","imagem":"https:\/\/images.futebolinterior.com.br\/2023\/03\/barletta-apresentado-no-corinthians-1-1-300x169.png","resumo":"Reserva desde a \u00e9poca de Fernando L\u00e1zaro, o Corinthians estuda emprestar o atacante de 21 anos para algum clube da S\u00e9rie B."},"1846362":{"titulo":"STJD suspende Bauermann por 12 jogos e bane Tota e Matheus Gomes do futebol","link":"https:\/\/www.futebolinterior.com.br\/stjd-suspende-bauermann-por-12-jogos-e-bane-tota-e-matheus-gomes-do-futebol\/","chapeu":"BOMBA!","data":"01\/06\/2023","imagem":"https:\/\/images.futebolinterior.com.br\/2023\/06\/santos-bauermann-300x200.jpeg","resumo":""},"1846312":{"titulo":"Petraglia se afasta da presid\u00eancia do Athletico-PR para realizar tratamento de sa\u00fade","link":"https:\/\/www.futebolinterior.com.br\/petraglia-se-afasta-da-presidencia-do-athletico-pr-para-realizar-tratamento-de-saude\/","chapeu":"CAUTELA","data":"01\/06\/2023","imagem":"https:\/\/images.futebolinterior.com.br\/2022\/05\/mario-celso-petraglia-presidente-athletico-pr1-300x159.jpg","resumo":"O presidente realiza um tratamento de sa\u00fade, sobre o qual n\u00e3o foram fornecidos maiores detalhes."},"1846247":{"titulo":"Puma e Palmeiras lan\u00e7am uniformes de 2023 em vers\u00f5es manga longa","link":"https:\/\/www.futebolinterior.com.br\/puma-e-palmeiras-camiseta-manga-longa\/","chapeu":"LAN\u00c7AMENTO ","data":"01\/06\/2023","imagem":"https:\/\/images.futebolinterior.com.br\/2023\/06\/unnamed-3-300x169.jpg","resumo":"A PUMA Brasil e o Palmeiras lan\u00e7am hoje as vers\u00f5es de manga longa dos uniformes HOME e AWAY da temporada 2023."},"1846120":{"titulo":"Flamengo deve oficializar proposta por Pablo Roberto, do Remo","link":"https:\/\/www.futebolinterior.com.br\/flamengo-estuda-proposta-pablo-roberto\/","chapeu":"INTERESSADO","data":"01\/06\/2023","imagem":"https:\/\/images.futebolinterior.com.br\/2023\/06\/pablo-roberto-remo-300x160.jpg","resumo":"O Flamengo segue ativo no mercado e j\u00e1 tem mais um jogador na mira. Desta vez, o nome estudado para contrata\u00e7\u00e3o \u00e9 o do volante Pablo Roberto"},"1846065":{"titulo":"STJD marca julgamentos de mais 5 jogadores envolvidos em esquema de apostas","link":"https:\/\/www.futebolinterior.com.br\/stjd-marca-julgamentos-de-mais-5-jogadores-envolvidos-em-esquema-de-apostas\/","chapeu":"MARCADOS!","data":"01\/06\/2023","imagem":"https:\/\/images.futebolinterior.com.br\/2023\/05\/stjd-300x198.jpg","resumo":""},"1846038":{"titulo":"Tigres recusa novo empr\u00e9stimo e Santos envia oferta para comprar Soteldo","link":"https:\/\/www.futebolinterior.com.br\/santos-faz-oferta-compra-soteldo\/","chapeu":"PROPOSTA","data":"01\/06\/2023","imagem":"https:\/\/images.futebolinterior.com.br\/2023\/06\/SOTELDO3-300x197.jpg","resumo":"Ap\u00f3s o Tigres recusar uma proposta de novo empr\u00e9stimo de Soteldo, o Santos fez uma proposta para comprar em definitivo o meia venezuelano"},"1846023":{"titulo":"Luto! Famoso \u00e1rbitro do Rio de Janeiro, L\u00e9o Feldman morre aos 67 anos","link":"https:\/\/www.futebolinterior.com.br\/luto-famoso-arbitro-do-rio-de-janeiro-leo-feldman-morre-aos-67-anos\/","chapeu":"TRISTE","data":"01\/06\/2023","imagem":"https:\/\/images.futebolinterior.com.br\/2023\/06\/felman-300x187.jpg","resumo":""},"1846018":{"titulo":"Diretor do Atl\u00e9tico-MG fala sobre poss\u00edveis sa\u00eddas de Allan e Nathan Silva","link":"https:\/\/www.futebolinterior.com.br\/diretor-do-atletico-mg-fala-sobre-possiveis-saidas-de-allan-e-nathan-silva\/","chapeu":"DE SA\u00cdDA?","data":"01\/06\/2023","imagem":"https:\/\/images.futebolinterior.com.br\/2022\/09\/atletico-mg-rodrigo-caetano-300x180.png","resumo":""},"1846013":{"titulo":"C\u00e1ssio exalta torcida do Corinthians na Arena: ''Quem joga aqui sabe como \u00e9''","link":"https:\/\/www.futebolinterior.com.br\/cassio-exalta-torcida-corinthians\/","chapeu":"V\u00cdDEO","data":"01\/06\/2023","imagem":"https:\/\/images.futebolinterior.com.br\/2023\/06\/cassio-300x169.jpg","resumo":"Confira uma entrevista com C\u00e1ssio ap\u00f3s a vit\u00f3ria e classifica\u00e7\u00e3o do Corinthians na Copa do Brasil"}}