{"1849427":{"titulo":"STJD bane Ygor Catatau e suspende outros jogadores por manipula\u00e7\u00e3o de resultados","link":"https:\/\/www.futebolinterior.com.br\/stjd-bane-ygor-catatau-suspende-outros\/","chapeu":"SENTEN\u00c7A","data":"07\/06\/2023","imagem":"https:\/\/images.futebolinterior.com.br\/2023\/06\/YGOR-CATATAU-300x164.jpg","resumo":"Ygor Catatau, ex-jogador do Sampaio Corr\u00eaa e Vasco, foi banido do futebol brasileiro e multado em R$ 70 mil pelo STJD "},"1849179":{"titulo":"Lei 'Vini Jr' \u00e9 aprovada no Rio e prev\u00ea interrup\u00e7\u00e3o e encerramento de jogos em caso de racismo","link":"https:\/\/www.futebolinterior.com.br\/lei-vini-jr-e-aprovada-no-rio-e-preve-interrupcao-e-encerramento-de-jogos-em-caso-de-racismo\/","chapeu":"NA LUTA!","data":"06\/06\/2023","imagem":"https:\/\/images.futebolinterior.com.br\/2023\/06\/vini-300x225.webp","resumo":""},"1848884":{"titulo":"Luto! Presidente que levou Seedorf ao Botafogo morre de c\u00e2ncer aos 60 anos","link":"https:\/\/www.futebolinterior.com.br\/luto-presidente-que-levou-seedorf-ao-botafogo-morre-de-cancer-aos-60-anos\/","chapeu":"TRISTE","data":"06\/06\/2023","imagem":"https:\/\/images.futebolinterior.com.br\/2023\/06\/botafogo-1-300x199.jpg","resumo":""},"1848785":{"titulo":"Flamengo encaminha renova\u00e7\u00e3o com goleiro Matheus Cunha","link":"https:\/\/www.futebolinterior.com.br\/flamengo-encaminha-renovacao-goleiro\/","chapeu":"TITULAR","data":"06\/06\/2023","imagem":"https:\/\/images.futebolinterior.com.br\/2023\/06\/matheus-cunha-300x187.jpg","resumo":"O Flamengo encaminhou a renova\u00e7\u00e3o de contrato com o goleiro Matheus Cunha. O documento deve ser assinado ainda nesta semana"},"1848735":{"titulo":"Torcedores do Vasco tentam invadir S\u00e3o Janu\u00e1rio e atiram fogos contra port\u00e3o","link":"https:\/\/www.futebolinterior.com.br\/torcedores-do-vasco-tentam-invadir-sao-januario-e-atiram-fogos-contra-portao\/","chapeu":"TENS\u00c3O","data":"06\/06\/2023","imagem":"https:\/\/images.futebolinterior.com.br\/2023\/06\/sao-januario-300x184.jpg","resumo":""},"1848749":{"titulo":"Pablo Maia, do S\u00e3o Paulo, desperta interesse de clubes ingleses","link":"https:\/\/www.futebolinterior.com.br\/pablo-maia-sao-paulo-sondado-inglaterra\/","chapeu":"SONDADO","data":"06\/06\/2023","imagem":"https:\/\/images.futebolinterior.com.br\/2023\/06\/PABLO-MAIA-SP-300x197.jpg","resumo":"O meia Pablo Maia, um dos destaques do atual elenco do S\u00e3o Paulo, \u00e9 alvo de dois clubes da Inglaterra"},"1848686":{"titulo":"Kleber Gladiador paga pens\u00e3o e escapa de ser preso","link":"https:\/\/www.futebolinterior.com.br\/kleber-gladiador-paga-pensao-e-escapa-de-ser-preso\/","chapeu":"UFA!","data":"06\/06\/2023","imagem":"https:\/\/images.futebolinterior.com.br\/2023\/06\/gladiator-300x169.jpeg","resumo":""},"1848675":{"titulo":"Vini Jr. \u00e9 aplaudido no Maracan\u00e3:'Que eu possa seguir firme na luta'","link":"https:\/\/www.futebolinterior.com.br\/vini-jr-e-aplaudido-no-maracanaque-eu-possa-seguir-firme-na-luta\/","chapeu":"NA LUTA !","data":"06\/06\/2023","imagem":"https:\/\/images.futebolinterior.com.br\/2023\/06\/flamengo-Vini-Jr-300x191.jpg","resumo":"Apesar de toda a sua forma\u00e7\u00e3o como jogador com a camisa do Flamengo, Vini Jr. n\u00e3o se intimidou e empunhou a camisa do Vasco"},"1848665":{"titulo":"Ap\u00f3s goleada, Barbieri desconversa sobre demiss\u00e3o e cr\u00ea em virada do Vasco","link":"https:\/\/www.futebolinterior.com.br\/apos-goleada-barbieri-desconversa-sobre-demissao-e-cre-em-virada-do-vasco\/","chapeu":"MANTIDO","data":"05\/06\/2023","imagem":"https:\/\/images.futebolinterior.com.br\/2023\/05\/BARBIERI-VASCO-e1683858357302-300x191.jpeg","resumo":"Surpreendendo a todos, o Vasco n\u00e3o deu ind\u00edcios que ir\u00e1 demitir o t\u00e9cnico Mauricio Barbieri. "},"1848562":{"titulo":"Em 9\u00aa rodada de cl\u00e1ssicos, Sele\u00e7\u00e3o FI do Brasileir\u00e3o chega com Lucas Lima, Rony e Deyverson","link":"https:\/\/www.futebolinterior.com.br\/em-9a-rodada-de-classicos-selecao-fi-do-brasileirao-chega-com-lucas-lima-rony-e-deyverson\/","chapeu":"OS MELHORES","data":"05\/06\/2023","imagem":"https:\/\/images.futebolinterior.com.br\/2023\/06\/Palmeiras-Selecao-1-300x169.jpg","resumo":"A defesa tem os rodados Felipe Melo, Danilo Avelar e Reinaldo. No meio, Lucas Lima ser\u00e1 o mastro desta verdadeira m\u00e1quina de futebol"}}