{"1848627":{"titulo":"Vasco 1 x 4 Flamengo - Meng\u00e3o massacra e faz implodir a press\u00e3o no rival","link":"https:\/\/www.futebolinterior.com.br\/vasco-1-x-4-flamengo-mengao-massacra-e-faz-implodir-a-pressao-no-rival\/","chapeu":"ATROPELOU!","data":"05\/06\/2023","imagem":"https:\/\/images.futebolinterior.com.br\/2023\/06\/flamengo-oficial-e1686024791643-300x218.jpg","resumo":"O Flamengo subiu para o quinto lugar, com 16 pontos, atr\u00e1s apenas de Botafogo (21), Palmeiras (19), Atl\u00e9tico-MG (17) e Gr\u00eamio (17)"},"1848622":{"titulo":"PLACAR FI: Confira os resultados de SEGUNDA-FEIRA com Cl\u00e1ssico dos Milh\u00f5es","link":"https:\/\/www.futebolinterior.com.br\/placar-fi-05-06-23\/","chapeu":"PLACAR FI","data":"05\/06\/2023","imagem":"https:\/\/images.futebolinterior.com.br\/2023\/06\/imagem_2023-06-05_213810045-300x204.png","resumo":"O PLACAR FI desta segunda-feira (05) acompanhou muito futebol nacional, com Feminino A1, al\u00e9m de S\u00e9ries A, C e D, confira"},"1848476":{"titulo":"Serengeti espera fechar com Liga Forte ap\u00f3s chegar no teto: R$ 4,8 bi","link":"https:\/\/www.futebolinterior.com.br\/serengeti-confia-em-fechar-com-clubes-da-liga-forte-e-acredita-ter-chega-no-teto-r-48-bi\/","chapeu":"OPA!","data":"05\/06\/2023","imagem":"https:\/\/images.futebolinterior.com.br\/2023\/06\/liga-300x158.webp","resumo":""},"1848548":{"titulo":"Diego Costa trabalha normalmente no S\u00e3o Paulo e deve refor\u00e7ar defesa; Erison treina no campo","link":"https:\/\/www.futebolinterior.com.br\/diego-costa-trabalha-normalmente-no-sao-paulo-e-deve-reforcar-defesa-erison-treina-no-campo\/","chapeu":"OPA!","data":"05\/06\/2023","imagem":"https:\/\/images.futebolinterior.com.br\/2023\/06\/diego-sp-300x185.png","resumo":""},"1848490":{"titulo":"Paulinho sofre nova ruptura no ligamento cruzado e pode n\u00e3o atuar mais em 2023","link":"https:\/\/www.futebolinterior.com.br\/paulinho-novo-rompimento-lesao\/","chapeu":"LES\u00c3O","data":"05\/06\/2023","imagem":"https:\/\/images.futebolinterior.com.br\/2023\/06\/imagem_2023-06-05_184917193-300x193.png","resumo":"Paulinho rompeu o ligamento cruzado anterior do joelho esquerdo e novamente passar\u00e1 por cirurgia na regi\u00e3o"},"1848446":{"titulo":"Cruzeiro d\u00e1 palestras para conscientizar elenco sobre apostas esportivas e manipula\u00e7\u00e3o","link":"https:\/\/www.futebolinterior.com.br\/cruzeiro-palestras-conscientizar-aposta\/","chapeu":"PALESTRA","data":"05\/06\/2023","imagem":"https:\/\/images.futebolinterior.com.br\/2023\/06\/imagem_2023-06-05_183031236-300x153.png","resumo":"A Toca da Raposa, CT do Cruzeiro, foi o local onde a procuradora do TJD-SP, Mariana Chamelette ministrou as palestras"},"1847758":{"titulo":"Bahia tem desfalque e d\u00favidas para enfrentar o Cruzeiro","link":"https:\/\/www.futebolinterior.com.br\/bahia-desfalque-duvidas-cruzeiro\/","chapeu":"PROBLEMAS","data":"05\/06\/2023","imagem":"https:\/\/images.futebolinterior.com.br\/2023\/04\/renato-paiva-novidades-bahia-300x200.jpg","resumo":"Bahia volta a campo diante da Raposa no fim de semana, ganhando semana cheia de treinamentos para poder ter retornos dos lesionados"},"1848368":{"titulo":"Surpresa de Abel Ferreira, Luis Guilherme celebra estreia entre titulares do Palmeiras","link":"https:\/\/www.futebolinterior.com.br\/abel-ferreira-surpresa-luis-guilherme\/","chapeu":"ESTREIA","data":"05\/06\/2023","imagem":"https:\/\/images.futebolinterior.com.br\/2023\/06\/imagem_2023-06-05_160048740-300x199.png","resumo":"Luis Guilherme come\u00e7ou entre os 11 iniciais no confronto entre Palmeiras e Coritiba, no Brasileir\u00e3o, em vit\u00f3ria por 3 a 1"},"1848320":{"titulo":"Keno volta a treinar no Fluminense e fica pr\u00f3ximo de retorno","link":"https:\/\/www.futebolinterior.com.br\/keno-volta-a-treinar-fluminense\/","chapeu":"QUASE L\u00c1","data":"05\/06\/2023","imagem":"https:\/\/images.futebolinterior.com.br\/2023\/06\/keno-300x167.jpg","resumo":""},"1848251":{"titulo":"Lateral do Botafogo tem les\u00e3o confirmada e vira desfalque nas pr\u00f3ximas semanas","link":"https:\/\/www.futebolinterior.com.br\/lateral-botafogo-lesao-confirmada\/","chapeu":"DE FORA","data":"05\/06\/2023","imagem":"https:\/\/images.futebolinterior.com.br\/2023\/06\/botafogo-marcal-300x198.jpg","resumo":"Mar\u00e7al, lateral-esquerdo do Botafogo, sofreu uma les\u00e3o no joelho que o deixar\u00e1 afastado do elenco pelas pr\u00f3ximas semanas"}}