{"1850231":{"titulo":"Com futuro incerto no Santos, Soteldo \u00e9 alvo do Flamengo","link":"https:\/\/www.futebolinterior.com.br\/futuro-incerto-santos-soteldo-alvo-do-flamengo\/","chapeu":"SONDADO","data":"08\/06\/2023","imagem":"https:\/\/images.futebolinterior.com.br\/2023\/06\/SOTELDO-FLAMENGO-300x185.jpg","resumo":"Com futuro indefinido no Santos, o meia-atacante Soteldo est\u00e1 na mira de clubes brasileiros; t\u00e9cnico do Flamengo aprova o interesse"},"1850222":{"titulo":"Luan, do Corinthians, tenta furar fila e causa confus\u00e3o em restaurante em S\u00e3o Paulo","link":"https:\/\/www.futebolinterior.com.br\/luan-corinthians-tenta-furar-fila\/","chapeu":"FUR\u00c3O","data":"08\/06\/2023","imagem":"https:\/\/images.futebolinterior.com.br\/2023\/06\/luan-corinthians-300x203.jpg","resumo":"O meia-atacante Luan, atualmente no Corinthians, causou confus\u00e3o em um restaurante em S\u00e3o Paulo ao tentar furar a fila de espera"},"1849811":{"titulo":"Avi\u00e3o de Leila Pereira para uso do Palmeiras tem chegada ao Brasil antecipada","link":"https:\/\/www.futebolinterior.com.br\/aviao-de-leila-pereira-para-uso-do-palmeiras-tem-chegada-ao-brasil-antecipada\/","chapeu":"T\u00c1 CHEGANDO","data":"07\/06\/2023","imagem":"https:\/\/images.futebolinterior.com.br\/2023\/06\/Leila-Palmeiras-Aviao-300x200.jpg","resumo":"Mas, como ainda \u00e9 necess\u00e1ria a resolu\u00e7\u00e3o de tr\u00e2mites burocr\u00e1ticos, a data para come\u00e7ar a operar \u00e9 incerta"},"1849717":{"titulo":"Organizadas do Vasco v\u00e3o ao CT cobrar t\u00e9cnico e jogadores ap\u00f3s goleada para o Fla","link":"https:\/\/www.futebolinterior.com.br\/organizadas-do-vasco-no-ct-goleada\/","chapeu":"REUNI\u00c3O","data":"07\/06\/2023","imagem":"https:\/\/images.futebolinterior.com.br\/2023\/06\/imagem_2023-06-07_183330109-300x203.png","resumo":"O principal alvo da revolta dos torcedores do Vasco foi o t\u00e9cnico Maur\u00edcio Barbieri, que chegou no clube no in\u00edcio da temporada"},"1849724":{"titulo":"Red Bull Bragantino confirma sa\u00edda de Thiago Scuro para o M\u00f4naco","link":"https:\/\/www.futebolinterior.com.br\/red-bull-bragantino-confirma-saida-de-thiago-scuro-para-o-monaco\/","chapeu":"VAZOU!","data":"07\/06\/2023","imagem":"https:\/\/images.futebolinterior.com.br\/2023\/06\/red-bull-300x188.png","resumo":""},"1849587":{"titulo":"Barros sofre les\u00e3o no menisco do joelho e passa por cirurgia no Vasco","link":"https:\/\/www.futebolinterior.com.br\/barros-sofre-lesao-no-menisco-do-joelho-e-passa-por-cirurgia-no-vasco\/","chapeu":"FORA","data":"07\/06\/2023","imagem":"https:\/\/images.futebolinterior.com.br\/2023\/06\/barros-vasco-300x168.jpg","resumo":""},"1849608":{"titulo":"Marinho notifica o Flamengo para ser reintegrado; Gabigol tem les\u00e3o detectada","link":"https:\/\/www.futebolinterior.com.br\/marinho-flamengo-gabigol-lesao\/","chapeu":"QUER JOGAR","data":"07\/06\/2023","imagem":"https:\/\/images.futebolinterior.com.br\/2022\/11\/ju-x-fla-2-300x160.jpg","resumo":"O atacante Marinho notificou o Flamengo para que seja reintegrado aos treinos junto com os profissionais"},"1849586":{"titulo":"Principal organizada do Coritiba protesta mais uma vez e pede sa\u00edda de t\u00e9cnico","link":"https:\/\/www.futebolinterior.com.br\/organizada-coritiba-protesta-saida\/","chapeu":"PROTESTO!","data":"07\/06\/2023","imagem":"https:\/\/images.futebolinterior.com.br\/2023\/06\/coritiba-protesto-300x148.png","resumo":"A principal torcida organizada do Coritiba fez mais um protesto pelo momento do clube na temporada"},"1849585":{"titulo":"Torcidas do Vasco cobram jogadores no CT do clube. V\u00cdDEO","link":"https:\/\/www.futebolinterior.com.br\/torcidas-do-vasco-cobram-jogadores-no-ct-do-clube-video\/","chapeu":"PROTESTO","data":"07\/06\/2023","imagem":"https:\/\/images.futebolinterior.com.br\/2023\/06\/642af50636513-300x200.jpeg","resumo":"Os torcedores se dirigiram ao CT para cobrar a falta de atitude dos jogadores na derrota diante do Flamengo, e tamb\u00e9m pelo desempenho ruim no Brasileir\u00e3o"},"1849448":{"titulo":"Vinicius Jr faz open house com influenciadores para inaugurar mans\u00e3o no Rio","link":"https:\/\/www.futebolinterior.com.br\/vinicius-jr-faz-open-house-rj\/","chapeu":"FESTA","data":"07\/06\/2023","imagem":0,"resumo":"O atacante Vinicius Jr organizou uma festa em sua nova mans\u00e3o no Rio de Janeiro e recebeu influenciadores e modelos no 'open house'"}}