{"1850848":{"titulo":"Diogo Barbosa \u00e9 liberado para viajar ao Rio acertar com o Fluminense","link":"https:\/\/www.futebolinterior.com.br\/diogo-barbosa-viaja-assinar-fluminense\/","chapeu":"DE SA\u00cdDA","data":"09\/06\/2023","imagem":"https:\/\/images.futebolinterior.com.br\/2023\/06\/diogo-barbosa-gremio-300x197.jpg","resumo":"Liberado pelo Gr\u00eamio, o lateral-esquerdo Diogo Barbosa deve viajar ao Rio de Janeiro nos pr\u00f3ximos dias para assinar sua transfer\u00eancia ao Fluminense"},"1850770":{"titulo":"Am\u00e9rica-MG confirma les\u00e3o de Ricardo Silva e ganha mais um desfalque","link":"https:\/\/www.futebolinterior.com.br\/america-mg-confirma-lesao-ricardo-silva\/","chapeu":"FORA","data":"09\/06\/2023","imagem":"https:\/\/images.futebolinterior.com.br\/2023\/06\/ricardo-silva-300x157.jpg","resumo":"O Am\u00e9rica-MG confirmou a les\u00e3o do zagueiro Ricardo Silva; a necessidade de cirurgia ainda ser\u00e1 avaliada pelo departamento m\u00e9dico"},"1850760":{"titulo":"Internacional deve anunciar Enner Valencia nos pr\u00f3ximos dias","link":"https:\/\/www.futebolinterior.com.br\/internacional-deve-anunciar-enner-valencia\/","chapeu":"QUASE L\u00c1","data":"09\/06\/2023","imagem":"https:\/\/images.futebolinterior.com.br\/2023\/06\/enner-valencia-300x199.jpg","resumo":"O Internacional vive a expectativa de anunciar a contrata\u00e7\u00e3o do atacante Enner Valencia na pr\u00f3xima semana"},"1850618":{"titulo":"Dorival J\u00fanior diz n\u00e3o ter recebido contato da CBF para comandar sele\u00e7\u00e3o","link":"https:\/\/www.futebolinterior.com.br\/dorival-junior-diz-nao-ter-recebido-contato-da-cbf-para-comandar-selecao\/","chapeu":"SER\u00c1?","data":"08\/06\/2023","imagem":"https:\/\/images.futebolinterior.com.br\/2023\/05\/imagem_2023-05-12_171652218-300x227.png","resumo":"Sem um t\u00e9cnico desde o fim do ano passado, a sele\u00e7\u00e3o vem sendo comandada de forma interina por Ramon Menezes"},"1850441":{"titulo":"Lateral do Cruzeiro comenta necessidade de oportunismo: 'Tem que fazer o gol'","link":"https:\/\/www.futebolinterior.com.br\/lateral-cruzeiro-precisa-melhora\/","chapeu":"RUIM","data":"08\/06\/2023","imagem":"https:\/\/images.futebolinterior.com.br\/2023\/06\/imagem_2023-06-08_180351532-300x169.png","resumo":"O Cruzeiro encara o Bahia neste s\u00e1bado (10) \u00e0s 18h30, na Arena Fonte Nova, pela d\u00e9cima rodada do Brasileir\u00e3o"},"1850408":{"titulo":"Athletico-PR inicia prepara\u00e7\u00e3o para encarar Am\u00e9rica-MG no Mineir\u00e3o","link":"https:\/\/www.futebolinterior.com.br\/athletico-pr-preparacao-america\/","chapeu":"FURAC\u00c3O","data":"08\/06\/2023","imagem":"https:\/\/images.futebolinterior.com.br\/2023\/06\/imagem_2023-06-08_173254385-300x202.png","resumo":"O Athletico-PR encara o Am\u00e9rica-MG fora de casa, no Mineir\u00e3o, em partida que ser\u00e1 realizada no domingo \u00e0s 11h"},"1850303":{"titulo":"Su\u00e1rez descarta ida para o time de Messi: 'Estou feliz no Gr\u00eamio e tenho contrato'","link":"https:\/\/www.futebolinterior.com.br\/suarez-time-de-messi-gremio\/","chapeu":"ESPECULADO!","data":"08\/06\/2023","imagem":"https:\/\/images.futebolinterior.com.br\/2023\/04\/Gremio-Suarez-Lucas-Uebel-e1680990501778-300x176.jpg","resumo":"Com a surpreendente ida de Messi para o Inter Miami, v\u00e1rias especula\u00e7\u00f5es foram lan\u00e7adas sobre a Major League Soccer (MLS)"},"1850350":{"titulo":"Botafogo cede empr\u00e9stimo de volante Lu\u00eds Oyama ao Goi\u00e1s","link":"https:\/\/www.futebolinterior.com.br\/botafogo-cede-emprestimo-oyama\/","chapeu":"FECHADO","data":"08\/06\/2023","imagem":"https:\/\/images.futebolinterior.com.br\/2023\/06\/luis-oyama-300x188.jpg","resumo":"O Botafogo acertou o empr\u00e9stimo de Lu\u00eds Oyama ao Goi\u00e1s, agilizando a sa\u00edda de jogadores pouco utilizados"},"1850267":{"titulo":"Endrick rende R$ 13 milh\u00f5es ao Palmeiras com gol na Libertadores","link":"https:\/\/www.futebolinterior.com.br\/endrick-milhoes-palmeiras-com-gol\/","chapeu":"MILH\u00d5ES!","data":"08\/06\/2023","imagem":"https:\/\/images.futebolinterior.com.br\/2023\/06\/Palmeiras-Barcelona-1-300x200.jpg","resumo":"Endrick marcou o gol que fechou a vit\u00f3ria do Palmeiras sobre o Barcelona de Guayaquil, pela Libertadores, por 4 a 2"},"1850264":{"titulo":"Flamengo avan\u00e7a nas negocia\u00e7\u00f5es por Allan, do Atl\u00e9tico-MG","link":"https:\/\/www.futebolinterior.com.br\/flamengo-avanca-negociacoes-allan\/","chapeu":"AVAN\u00c7OU","data":"08\/06\/2023","imagem":"https:\/\/images.futebolinterior.com.br\/2023\/06\/atletico-mg222-300x172.jpg","resumo":"Flamengo avan\u00e7a para contratar Allan, do Atl\u00e9tico Mineiro, oferecendo 8 milh\u00f5es de euros + 1 milh\u00e3o em metas"}}