{"1853962":{"titulo":"Eduardo Coudet n\u00e3o aparece e rescis\u00e3o com Atl\u00e9tico-MG ainda segue aberta","link":"https:\/\/www.futebolinterior.com.br\/eduardo-coudet-nao-aparece-e-rescisao-com-atletico-mg-ainda-segue-aberta\/","chapeu":"\"CAUDET?\"","data":"14\/06\/2023","imagem":"https:\/\/images.futebolinterior.com.br\/2023\/06\/Coudet-Atletico-MG-300x207.jpg","resumo":""},"1853936":{"titulo":"Ex-Coritiba afastado pelo Guarani cita envolvimento de Alef Manga em apostas","link":"https:\/\/www.futebolinterior.com.br\/coritiba-envolvimento-alef-manga\/","chapeu":"APOSTAS","data":"14\/06\/2023","imagem":"https:\/\/images.futebolinterior.com.br\/2023\/04\/alef-manga-coritiba-300x200.jpg","resumo":"O Coritiba havia reintegrado o jogador ap\u00f3s o MP de Goi\u00e1s n\u00e3o apresentar provas contra o ent\u00e3o afastado atleta"},"1853927":{"titulo":"Com contratura 'leve', Renato Augusto deve desfalcar Corinthians no cl\u00e1ssico com o Santos","link":"https:\/\/www.futebolinterior.com.br\/com-contratura-leve-renato-augusto-deve-desfalcar-corinthians-no-classico-com-o-santos\/","chapeu":"BAIXA","data":"14\/06\/2023","imagem":"https:\/\/images.futebolinterior.com.br\/2023\/06\/renato-augusto-e-o-sexto-a-marcar-pelo-timao-2023-300x200.jpg","resumo":"Jogador est\u00e1 em per\u00edodo de tratamento e dever\u00e1 retornar \u00e0 campo no final do m\u00eas."},"1853884":{"titulo":"Michel Ara\u00fajo \u00e9 suspenso pelo STJD e desfalca S\u00e3o Paulo por um jogo","link":"https:\/\/www.futebolinterior.com.br\/michel-araujo-sao-paulo-suspenso\/","chapeu":"FORA","data":"14\/06\/2023","imagem":"https:\/\/images.futebolinterior.com.br\/2023\/06\/imagem_2023-06-14_182144340-300x189.png","resumo":"Como puni\u00e7\u00e3o, o Supremo Tribunal de Justi\u00e7a Desportiva puniu Michel Ara\u00fajo com um jogo de suspens\u00e3o"},"1853821":{"titulo":"Alexsander sofre les\u00e3o muscular grave em treino e desfalca Fluminense por tr\u00eas meses","link":"https:\/\/www.futebolinterior.com.br\/alexsander-lesao-fora-tres-meses\/","chapeu":"FORA","data":"14\/06\/2023","imagem":"https:\/\/images.futebolinterior.com.br\/2023\/06\/imagem_2023-06-14_171742319-300x185.png","resumo":"A aus\u00eancia de Alexsander nos \u00faltimos jogos explica o mau momento recente do Fluminense, principalmente no Brasileir\u00e3o"},"1853822":{"titulo":"Joaquim, do Santos, est\u00e1 entre os quatro melhores zagueiros do Brasileir\u00e3o","link":"https:\/\/www.futebolinterior.com.br\/joaquim-do-santos-esta-entre-os-quatro-melhores-zagueiros-do-brasileirao\/","chapeu":"A\u00cd SIM","data":"14\/06\/2023","imagem":"https:\/\/images.futebolinterior.com.br\/2023\/06\/joaquim-zagueiro-santos021-300x225.jpg","resumo":"Destaque do Santos, Joaquim aparece entre os quatro melhores zagueiros do Brasileir\u00e3o"},"1853757":{"titulo":"Corinthians \u00e9 punido por cantos homof\u00f3bicos contra S\u00e3o Paulo e jogar\u00e1 uma partida sem torcida","link":"https:\/\/www.futebolinterior.com.br\/corinthians-e-punido-por-cantos-homofobicos-contra-sao-paulo-e-jogara-uma-partida-sem-torcida\/","chapeu":"VISH","data":"14\/06\/2023","imagem":"https:\/\/images.futebolinterior.com.br\/2023\/06\/Corinthians-Torcida-300x158.jpg","resumo":"O Corinthians foi enquadrado no artigo 243-G do C\u00f3digo Brasileiro de Justi\u00e7a Desportiva (CBJD), que versa sobre \"praticar ato discriminat\u00f3rio, desdenhoso ou ultrajante, relacionado a preconceito em raz\u00e3o de origem \u00e9tnica, ra\u00e7a, sexo, cor, idade, condi\u00e7\u00e3o de pessoa idosa ou portadora de defici\u00eancia\""},"1853743":{"titulo":"Corinthians estuda a contrata\u00e7\u00e3o de Arthur Gomes, do Sporting","link":"https:\/\/www.futebolinterior.com.br\/corinthians-estuda-contratacao-arthur-gomes\/","chapeu":"SONDANDO","data":"14\/06\/2023","imagem":"https:\/\/images.futebolinterior.com.br\/2023\/06\/arthur-gomes-corinthians-300x192.jpg","resumo":"O Corinhtians est\u00e1 considerando a contrata\u00e7\u00e3o do atacante Arthur Gomes, atualmente atleta do Sporting"},"1853718":{"titulo":"Gr\u00eamio se diz v\u00edtima e garante que mandar\u00e1 jogos na Arena, mesmo com penhora da Justi\u00e7a","link":"https:\/\/www.futebolinterior.com.br\/gremio-jogos-arena-penhora-justica\/","chapeu":"V\u00cdTIMA!","data":"14\/06\/2023","imagem":"https:\/\/images.futebolinterior.com.br\/2023\/05\/arena-gremio-300x216.jpg","resumo":"O Gr\u00eamio emitiu uma nota paras tranquilizar seus torcedores e garantir que no papel de v\u00edtima, seguir\u00e1 mandando seus jogos no est\u00e1dio at\u00e9 que tudo se resolve"},"1853638":{"titulo":"Coritiba negocia empr\u00e9stimo de John Kennedy, do Fluminense","link":"https:\/\/www.futebolinterior.com.br\/coritiba-negocia-emprestimo-john-kennedy\/","chapeu":"INTERESSADO","data":"14\/06\/2023","imagem":"https:\/\/images.futebolinterior.com.br\/2023\/06\/john-kennedy-fluminense-300x187.jpg","resumo":"O Coritiba tem interesse no atacante John Kennedy, destaque da base do Fluminense, e tentar negociar empr\u00e9stimo do jovem jogador"}}