{"1510363":{"titulo":"Carille, hoje no Santos, prev\u00ea cl\u00e1ssico empolgante em seu reencontro com a torcida do Corinthians","link":"https:\/\/www.futebolinterior.com.br\/carille-hoje-no-santos-preve-classico-empolgante-em-seu-reencontro-com-a-torcida-do-corinthians\/","chapeu":"PROMETE","data":"18\/11\/2021","imagem":"https:\/\/images.futebolinterior.com.br\/2021\/11\/FEcKBRVWQAEGtyt-1-300x200.jpg","resumo":"No comando da equipe santista, t\u00e9cnico precisa de mais uma vit\u00f3ria para livrar time do rebaixamento"},"1510355":{"titulo":"Gr\u00eamio tem pedido negado pelo STJD e segue proibido de ter torcedores em jogos","link":"https:\/\/www.futebolinterior.com.br\/gremio-tem-pedido-negado-pelo-stjd-e-segue-proibido-de-ter-torcedores-em-jogos\/","chapeu":"NADA DISSO","data":"18\/11\/2021","imagem":"https:\/\/images.futebolinterior.com.br\/2021\/11\/51600434251_1fc06d9182_c-300x200.jpg","resumo":""},"1510351":{"titulo":"Com o retorno de Willian, Corinthians treina de olho no cl\u00e1ssico de domingo com o Santos","link":"https:\/\/www.futebolinterior.com.br\/com-o-retorno-de-willian-corinthians-treina-de-olho-no-classico-de-domingo-com-o-santos\/","chapeu":"VAI QUE VAI","data":"18\/11\/2021","imagem":"https:\/\/images.futebolinterior.com.br\/2021\/11\/FEWDCpjWYAArZO--300x213.jpg","resumo":"A boa novidade para o t\u00e9cnico Sylvinho foi o meia Willian, que participou normalmente das atividades e dever\u00e1 retornar ao time no cl\u00e1ssico"},"1510273":{"titulo":"Filha de Sylvinho lamenta ofensas sofridas nas redes sociais: \"Destr\u00f3i a cabe\u00e7a de qualquer um\"","link":"https:\/\/www.futebolinterior.com.br\/filha-de-sylvinho-lamenta-ofensas-sofridas-nas-redes-sociais-destroi-a-cabeca-de-qualquer-um\/","chapeu":"LAMENT\u00c1VEL","data":"18\/11\/2021","imagem":"https:\/\/images.futebolinterior.com.br\/2021\/11\/8zznp8v1z37h1nfznkf99x3yr-264x300.webp","resumo":"Torcedores tem atacado ela nas redes sociais reclamando do trabalho de seu pai"},"1510335":{"titulo":"Atacante debocha da torcida do Palmeiras e pode ter contrato rompido","link":"https:\/\/www.futebolinterior.com.br\/atacante-debocha-da-torcida-do-palmeiras-e-pode-ter-contrato-rompido\/","chapeu":"VISH","data":"18\/11\/2021","imagem":"https:\/\/images.futebolinterior.com.br\/2021\/11\/luiz-adriano-palmeiras-libertadores-2021-photo-by-andre-penner-e1625055101916-300x162.jpg","resumo":"O coro de \u201cfora do Verd\u00e3o\u201d ecoou alto pela arena, al\u00e9m de alguns xingamentos. Luiz Adriano tem contrato com o Palmeiras at\u00e9 junho de 2023"},"1510330":{"titulo":"Abel acena Palmeiras com reservas diante do Fortaleza para ter for\u00e7a m\u00e1xima na Libertadores","link":"https:\/\/www.futebolinterior.com.br\/abel-acena-palmeiras-com-reservas-diante-do-fortaleza-para-ter-forca-maxima-na-libertadores\/","chapeu":"DE NOVO","data":"18\/11\/2021","imagem":"https:\/\/images.futebolinterior.com.br\/2021\/11\/51686728982_344639e9b7_c-300x169.jpg","resumo":""},"1510210":{"titulo":"Treinador freia empolga\u00e7\u00e3o no Juventude: \"Ainda n\u00e3o conseguimos nosso objetivo\"","link":"https:\/\/www.futebolinterior.com.br\/treinador-freia-empolgacao-no-juventude-ainda-nao-conseguimos-nosso-objetivo\/","chapeu":"CALMA","data":"18\/11\/2021","imagem":"https:\/\/images.futebolinterior.com.br\/2021\/11\/jair-ventura-treinador-juventude-1-300x207.jpg","resumo":""},"1510191":{"titulo":"Hoje em rival do Brasileir\u00e3o, ex-Ponte Preta cobra na Justi\u00e7a R$ 6,1 milh\u00f5es do Corinthians","link":"https:\/\/www.futebolinterior.com.br\/hoje-em-rival-do-brasileirao-ex-ponte-preta-cobra-na-justica-r-61-milhoes-do-corinthians\/","chapeu":"VIROU MODA!","data":"18\/11\/2021","imagem":"https:\/\/images.futebolinterior.com.br\/2021\/11\/marllon-corinthians-300x162.jpg","resumo":"Marllon saiu do Corinthians h\u00e1 apenas seis meses e j\u00e1 entrou na Justi\u00e7a"},"1510181":{"titulo":"Filho de Galv\u00e3o Bueno critica lado pol\u00edtico de Casagrande em transmiss\u00f5es: \"N\u00e3o me agrada\"","link":"https:\/\/www.futebolinterior.com.br\/filho-de-galvao-bueno-critica-lado-politico-de-casagrande-em-transmissoes-nao-me-agrada\/","chapeu":"METEU A BOCA","data":"18\/11\/2021","imagem":"https:\/\/images.futebolinterior.com.br\/2021\/11\/caca-bueno-e1637256287653-300x236.jpg","resumo":"Cac\u00e1 Bueno afirmou pagar TV assinatura para ver futebol"},"1510159":{"titulo":"Julio C\u00e9sar fala do desejo de seguir trabalhando no Red Bull Bragantino ap\u00f3s encerrar a carreira","link":"https:\/\/www.futebolinterior.com.br\/julio-cesar-fala-do-desejo-de-seguir-trabalhando-no-red-bull-bragantino-apos-encerrar-a-carreira\/","chapeu":"EXPERIENTE","data":"18\/11\/2021","imagem":"https:\/\/images.futebolinterior.com.br\/2021\/11\/51285221331-8ed8cb6d85-k-300x202.webp","resumo":"Goleiro est\u00e1 completando 37 anos nesta quinta-feira (18)"}}