{"1510693":{"titulo":"Em 'guerra de roj\u00f5es', torcidas de clubes do Brasileir\u00e3o causam confus\u00e3o antes de jogo","link":"https:\/\/www.futebolinterior.com.br\/em-guerra-de-rojoes-torcidas-de-clubes-do-brasileirao-causam-confusao-antes-de-jogo\/","chapeu":"QUE FEIO!","data":"19\/11\/2021","imagem":"https:\/\/images.futebolinterior.com.br\/2021\/11\/sport-1-300x164.jpg","resumo":"Assim que os seis \u00f4nibus do Bahia chegaram, na estrada do est\u00e1dios, os torcedores come\u00e7aram a confus\u00e3o"},"1510689":{"titulo":"A\u00e7\u00e3o de atacante de um gol faz Justi\u00e7a varrer contas do Corinthians e achar m\u00edseros R$ 235","link":"https:\/\/www.futebolinterior.com.br\/acao-de-atacante-de-um-gol-faz-justica-varrer-contas-do-corinthians-e-achar-miseros-r-235\/","chapeu":"S\u00d3 ISSO?","data":"19\/11\/2021","imagem":"https:\/\/images.futebolinterior.com.br\/2021\/11\/jonathas-corinthians-300x143.jpg","resumo":"Valor estava em uma das contas do Corinthians no Paypal Brasil"},"1510630":{"titulo":"Ministro de Bolsonaro diz que \u00e1rabes querem comprar dois clubes de futebol do Brasil","link":"https:\/\/www.futebolinterior.com.br\/ministro-de-bolsonaro-diz-que-arabes-querem-comprar-dois-clubes-de-futebol-do-brasil\/","chapeu":"NOVOS RICOS","data":"19\/11\/2021","imagem":"https:\/\/images.futebolinterior.com.br\/2021\/11\/paulo-guedes-300x179.jpg","resumo":"Guedes esteve na comitiva do presidente Jair Bolsonaro que tamb\u00e9m visitou o Catar e o Bahrein"},"1510559":{"titulo":"Sport 1 x 0 Bahia - Vamos juntos para a S\u00e9rie B?","link":"https:\/\/www.futebolinterior.com.br\/sport-1-x-0-bahia-vamos-juntos-para-a-serie-b\/","chapeu":"UFA!","data":"18\/11\/2021","imagem":"https:\/\/images.futebolinterior.com.br\/2021\/11\/bahia-sport-1-300x200.jpg","resumo":""},"1510529":{"titulo":"Contrato de Hulk tem cl\u00e1usula para amplia\u00e7\u00e3o at\u00e9 2023, revela presidente do Atl\u00e9tico-MG","link":"https:\/\/www.futebolinterior.com.br\/contrato-de-hulk-tem-clausula-para-ampliacao-ate-2023-revela-presidente-do-atletico-mg\/","chapeu":"NOT\u00cdCIA BOA","data":"18\/11\/2021","imagem":"https:\/\/images.futebolinterior.com.br\/2021\/11\/Screenshot_15-4-300x197.jpg","resumo":""},"1510450":{"titulo":"Atacante treina e deve refor\u00e7ar Santos no cl\u00e1ssico contra o Corinthians","link":"https:\/\/www.futebolinterior.com.br\/atacante-treina-e-deve-reforcar-santos-no-classico-contra-o-corinthians\/","chapeu":"BOA NOT\u00cdCIA!","data":"18\/11\/2021","imagem":"https:\/\/images.futebolinterior.com.br\/2021\/11\/santos-lucas-1-300x200.jpeg","resumo":""},"1510430":{"titulo":"Exame aponta 'apenas' tendinite no joelho esquerdo do atacante Bruno Henrique","link":"https:\/\/www.futebolinterior.com.br\/exame-aponta-apenas-tendinite-no-joelho-esquerdo-do-atacante-bruno-henrique\/","chapeu":"MENOS MAL","data":"18\/11\/2021","imagem":"https:\/\/images.futebolinterior.com.br\/2021\/11\/FEfs8qXXoAYEcJF-300x240.jpg","resumo":"\"O atleta Bruno Henrique realizou exame, que constatou uma tendinopatia no tend\u00e3o patelar do joelho esquerdo. Iniciou tratamento\", informou o clube da G\u00e1vea pelas redes sociais."},"1510421":{"titulo":"Clube dos Estados Unidos sonda goleiro de virtual rebaixado do Brasileir\u00e3o","link":"https:\/\/www.futebolinterior.com.br\/clube-dos-estados-unidos-sonda-goleiro-de-virtual-rebaixado-do-brasileirao\/","chapeu":"MORAL","data":"18\/11\/2021","imagem":"https:\/\/images.futebolinterior.com.br\/2021\/11\/mailson-goleiro-sport-300x200.jpg","resumo":""},"1510412":{"titulo":"T\u00e9cnico do Bahia vai \u00e0 Justi\u00e7a e cobra R$ 1 milh\u00e3o de rival do Brasileir\u00e3o","link":"https:\/\/www.futebolinterior.com.br\/tecnico-do-bahia-vai-a-justica-e-cobra-r-1-milhao-de-rival-do-brasileirao\/","chapeu":"COBRAN\u00c7A!","data":"18\/11\/2021","imagem":"https:\/\/images.futebolinterior.com.br\/2021\/11\/guto-ferreira-bahia-300x200.jpg","resumo":""},"1510377":{"titulo":"Tiago Nunes exalta mentalidade vencedora do Cear\u00e1 no cl\u00e1ssico","link":"https:\/\/www.futebolinterior.com.br\/tiago-nunes-exalta-mentalidade-vencedora-do-ceara-no-classico\/","chapeu":"GOSTOU","data":"18\/11\/2021","imagem":"https:\/\/images.futebolinterior.com.br\/2021\/11\/Screenshot_10-5-300x189.jpg","resumo":""}}