{"1511018":{"titulo":"Exame aponta les\u00e3o muscular e Giuliano s\u00f3 volta a atuar pelo Corinthians em 2022","link":"https:\/\/www.futebolinterior.com.br\/exame-aponta-lesao-muscular-e-giuliano-so-volta-a-atuar-pelo-corinthians-em-2022\/","chapeu":"PUTZ","data":"19\/11\/2021","imagem":"https:\/\/images.futebolinterior.com.br\/2021\/11\/FElcuMAXoBkic0V-300x202.jpg","resumo":"Contratado em julho, o camisa 11 corintiano, de 31 anos, presente em 19 partidas, com tr\u00eas gols e duas assist\u00eancias"},"1511032":{"titulo":"Corinthians x Santos: palpite no d\u00e9rbi paulista da 34\u00aa rodada do Brasileir\u00e3o","link":"https:\/\/www.futebolinterior.com.br\/corinthians-x-santos-palpite-no-derbi-paulista-da-34a-rodada-do-brasileirao\/","chapeu":"PROGN\u00d3STICOS","data":"19\/11\/2021","imagem":"https:\/\/images.futebolinterior.com.br\/2021\/11\/1_santos_corinthians_brasileirao_2021_onde_assistir-16775667-300x168.jpg","resumo":"J\u00e1 o Peixe, que se v\u00ea mais perto de escapar do rebaixamento, chega como azar\u00e3o\n"},"1511028":{"titulo":"Sem tempo para descanso, Bahia far\u00e1 apenas um treino antes de duelo direto contra o Z4","link":"https:\/\/www.futebolinterior.com.br\/sem-tempo-para-descanso-bahia-fara-apenas-um-treino-antes-de-duelo-direto-contra-o-z4\/","chapeu":"PREPARA\u00c7\u00c3O","data":"19\/11\/2021","imagem":"https:\/\/images.futebolinterior.com.br\/2021\/11\/FEg4EdPXoAoggcd-300x225.jpg","resumo":"Al\u00e9m do atacante, os volantes Jonas e Ranieri tamb\u00e9m est\u00e3o de fora, entregues ao DM"},"1511019":{"titulo":"Chapecoense x Gr\u00eamio - S\u00f3 a vit\u00f3ria interessa ao Tricolor","link":"https:\/\/www.futebolinterior.com.br\/chapecoense-x-gremio-so-a-vitoria-interessa-ao-tricolor\/","chapeu":"AMEA\u00c7ADO","data":"19\/11\/2021","imagem":"https:\/\/images.futebolinterior.com.br\/2021\/11\/gremio-chapecoense-brasileirao-300x219.jpg","resumo":""},"1510997":{"titulo":"Em queda livre no Brasileir\u00e3o, Fortaleza busca rea\u00e7\u00e3o diante do Palmeiras","link":"https:\/\/www.futebolinterior.com.br\/em-queda-livre-no-brasileirao-fortaleza-busca-reacao-diante-do-palmeiras\/","chapeu":"FASE RUIM","data":"19\/11\/2021","imagem":"https:\/\/images.futebolinterior.com.br\/2021\/11\/img-8152-1200x800-1-300x200.webp","resumo":"Time vem de cinco jogos sem vit\u00f3ria"},"1510941":{"titulo":"BRASILEIR\u00c3O: Fortaleza recebe o Palmeiras, Galo visita o Juventude e Internacional faz cl\u00e1ssico contra o Flamengo","link":"https:\/\/www.futebolinterior.com.br\/brasileirao-fortaleza-recebe-o-palmeiras-galo-visita-o-juventude-e-internacional-faz-classico-contra-o-flamengo\/","chapeu":"RODADA CHEIA","data":"19\/11\/2021","imagem":"https:\/\/images.futebolinterior.com.br\/2021\/11\/keno-e-264x300.png","resumo":"Brigas por Libertadores e contra o rebaixamento se intensificam a cada rodada "},"1510996":{"titulo":"Focado em garantir a perman\u00eancia, Cuiab\u00e1 tem dois desfalques para enfrentar o Bahia","link":"https:\/\/www.futebolinterior.com.br\/focado-em-garantir-a-permanencia-cuiaba-tem-dois-desfalques-para-enfrentar-o-bahia\/","chapeu":"PROBLEMAS","data":"19\/11\/2021","imagem":"https:\/\/images.futebolinterior.com.br\/2021\/11\/FEkWr0_WQAYmQSu-300x200.jpg","resumo":"De qualquer forma, o atacante n\u00e3o poderia atuar por pertencer ao time rival"},"1510983":{"titulo":"Juventude quer surpreender o l\u00edder para manter bom momento","link":"https:\/\/www.futebolinterior.com.br\/juventude-quer-surpreender-o-lider-para-manter-bom-momento\/","chapeu":"EMBALADO","data":"19\/11\/2021","imagem":"https:\/\/images.futebolinterior.com.br\/2021\/11\/vitor-mendes-juventude-300x242.jpg","resumo":""},"1510969":{"titulo":"Destaque de clube que est\u00e1 brigando contra o Z4 do Brasileir\u00e3o entra na mira de times da Fran\u00e7a","link":"https:\/\/www.futebolinterior.com.br\/destaque-de-clube-que-esta-brigando-contra-o-z4-do-brasileirao-entra-na-mira-de-times-da-franca\/","chapeu":"NO RADAR","data":"19\/11\/2021","imagem":"https:\/\/images.futebolinterior.com.br\/2021\/11\/Screenshot-2021-11-19-at-16-33-25-Lateral-Paulo-Henrique-do-Juventude-e-uma-das-sensacoes-da-rodada-no-Cartola-FC--300x200.png","resumo":"Tr\u00eas times da elite do Brasil tamb\u00e9m observam a situa\u00e7\u00e3o do jogador"},"1510931":{"titulo":"Fortaleza confirma data da pr\u00f3xima elei\u00e7\u00e3o","link":"https:\/\/www.futebolinterior.com.br\/fortaleza-confirma-data-da-proxima-eleicao\/","chapeu":"MARCADA","data":"19\/11\/2021","imagem":"https:\/\/images.futebolinterior.com.br\/2021\/11\/4c550ec602a7cee42e5c-300x225.png","resumo":"Pleito acontecer\u00e1 no dia 11 de dezembro"}}