{"1511226":{"titulo":"Em 5 anos no Palmeiras, Galiotte teve cr\u00edticas, acertou finan\u00e7as e apoiou Leila","link":"https:\/\/www.futebolinterior.com.br\/em-5-anos-no-palmeiras-galiotte-teve-criticas-acertou-financas-e-apoiou-leila\/","chapeu":"RELEMBRE","data":"20\/11\/2021","imagem":"https:\/\/images.futebolinterior.com.br\/2021\/11\/Ei8VVaJXYAAiZZB-300x194.jpg","resumo":"Com Galiotte, o time conquistou quatro t\u00edtulos: Campeonato Brasileiro em 2018, Paulist\u00e3o, Libertadores e Copa do Brasil na temporada passada"},"1512469":{"titulo":"Sele\u00e7\u00e3o FI do Brasileir\u00e3o da 33\u00aa rodada tem Rog\u00e9rio Ceni e jogadores 'oper\u00e1rios'","link":"https:\/\/www.futebolinterior.com.br\/selecao-fi-do-brasileirao-da-33a-rodada-tem-rogerio-ceni-e-jogadores-operarios\/","chapeu":"VEJA AQUI!","data":"19\/11\/2021","imagem":"https:\/\/images.futebolinterior.com.br\/2021\/11\/ROGERIO-300x219.jpg","resumo":""},"1511148":{"titulo":"Sem press\u00e3o ap\u00f3s vit\u00f3ria no cl\u00e1ssico, S\u00e3o Paulo se reapresenta com Calleri","link":"https:\/\/www.futebolinterior.com.br\/sem-pressao-apos-vitoria-no-classico-sao-paulo-se-reapresenta-com-calleri\/","chapeu":"PREPARA\u00c7\u00c3O","data":"19\/11\/2021","imagem":"https:\/\/images.futebolinterior.com.br\/2021\/11\/FEk7dXVXMAIS18G-300x240.jpg","resumo":"Se o atacante est\u00e1 de volta, o mesmo n\u00e3o pode dizer de Eder, que recebeu o terceiro cart\u00e3o amarelo e est\u00e1 suspenso"},"1511168":{"titulo":"No reencontro de Carille com Corinthians, Marinho \u00e9 d\u00favida no Santos","link":"https:\/\/www.futebolinterior.com.br\/no-reencontro-de-carille-com-corinthians-marinho-e-duvida-no-santos\/","chapeu":"MIST\u00c9RIO","data":"19\/11\/2021","imagem":"https:\/\/images.futebolinterior.com.br\/2021\/11\/marinhO-carille-300x201.jpg","resumo":""},"1511129":{"titulo":"Sem press\u00e3o ap\u00f3s vit\u00f3ria no cl\u00e1ssico, S\u00e3o Paulo se reapresenta com retorno de Calleri","link":"https:\/\/www.futebolinterior.com.br\/sem-pressao-apos-vitoria-no-classico-sao-paulo-se-reapresenta-com-retorno-de-calleri\/","chapeu":"OUTRO CLIMA","data":"19\/11\/2021","imagem":"https:\/\/images.futebolinterior.com.br\/2021\/11\/sp-300x193.jpg","resumo":""},"1511044":{"titulo":"Internacional x Flamengo - Meng\u00e3o vai priorizar qual competi\u00e7\u00e3o?","link":"https:\/\/www.futebolinterior.com.br\/internacional-x-flamengo-mengao-vai-priorizar-qual-competicao\/","chapeu":"DIA D!","data":"19\/11\/2021","imagem":"https:\/\/images.futebolinterior.com.br\/2021\/11\/FLAXINTER-300x200.jpeg","resumo":""},"1511074":{"titulo":"Atl\u00e9tico-MG x Juventude - Para deixar o t\u00edtulo ainda mais perto","link":"https:\/\/www.futebolinterior.com.br\/atletico-mg-x-juventude-para-deixar-o-titulo-ainda-mais-perto\/","chapeu":"CASA CHEIA","data":"19\/11\/2021","imagem":"https:\/\/images.futebolinterior.com.br\/2021\/11\/jogadores-atletico-mg-300x197.jpg","resumo":""},"1511056":{"titulo":"Demiss\u00e3o de t\u00e9cnico do Uruguai liga sinal de alerta no Internacional","link":"https:\/\/www.futebolinterior.com.br\/demissao-de-tecnico-do-uruguai-liga-sinal-de-alerta-no-internacional\/","chapeu":"ATEN\u00c7\u00c3O","data":"19\/11\/2021","imagem":"https:\/\/images.futebolinterior.com.br\/2021\/11\/diego-aguirre-treinador-internacional-300x198.jpg","resumo":""},"1511024":{"titulo":"Fortaleza x Palmeiras - Quem vai se recuperar do momento ruim?","link":"https:\/\/www.futebolinterior.com.br\/fortaleza-x-palmeiras-quem-vai-se-recuperar-do-momento-ruim\/","chapeu":"JOGO BOM","data":"19\/11\/2021","imagem":"https:\/\/images.futebolinterior.com.br\/2021\/11\/5f8ceb9dcfd8e-300x286.webp","resumo":"Times vivem momentos ruins no campeonato"},"1510999":{"titulo":"Atl\u00e9tico-GO x Cear\u00e1 - Drag\u00e3o joga a vida para afastar fantasma do rebaixamento","link":"https:\/\/www.futebolinterior.com.br\/atletico-go-x-ceara-dragao-joga-a-vida-para-afastar-fantasma-do-rebaixamento\/","chapeu":"BUUUU","data":"19\/11\/2021","imagem":"https:\/\/images.futebolinterior.com.br\/2021\/11\/atletico-5-300x200.jpg","resumo":""}}