{"1042913":{"titulo":"Atacante ser\u00e1 avaliado pelo S\u00e3o Paulo nesta segunda para saber gravidade da les\u00e3o","link":"https:\/\/www.futebolinterior.com.br\/atacante-sera-avaliado-pelo-sao-paulo-nesta-segunda-para-saber-gravidade-da-lesao\/","chapeu":"QUE ZICA!","data":"21\/06\/2021","imagem":"https:\/\/images.futebolinterior.com.br\/2021\/06\/luciano-300x185.jpg","resumo":"Jogador tem sofrido constantemente com a les\u00e3o, exatamente no local, desde o ano passado"},"1042914":{"titulo":"Em busca de ampliar s\u00e9rie invicta, Atl\u00e9tico-MG recebe Chapecoense no Mineir\u00e3o","link":"https:\/\/www.futebolinterior.com.br\/em-busca-de-ampliar-serie-invicta-atletico-mg-recebe-chapecoense-no-mineirao\/","chapeu":"ANIMADO!","data":"21\/06\/2021","imagem":"https:\/\/images.futebolinterior.com.br\/2021\/06\/Atletico_PedroSouza_02_ori-300x199.jpg","resumo":"Vit\u00f3rias sobre Sport, S\u00e3o Paulo e Internacional levaram a equipe mineira a somar nove pontos no Brasileiro, e os torcedores se animaram"},"1042920":{"titulo":"Mais um jogador do Palmeiras \u00e9 flagrado em festa clandestina em SP","link":"https:\/\/www.futebolinterior.com.br\/mais-um-jogador-do-palmeiras-e-flagrado-em-festa-clandestina-em-sp\/","chapeu":"QUE FEIO!","data":"21\/06\/2021","imagem":"https:\/\/images.futebolinterior.com.br\/2021\/06\/patrick-300x169.jpg","resumo":"Palmeiras ainda n\u00e3o se manifestou sobre mais um caso de jogador flagrado em balada clandestina, mas deve tomar a mesma atitude que teve com Lucas Lima"},"1042836":{"titulo":"Diniz exalta postura do Santos em vit\u00f3ria: 'Craque do jogo foi a vontade do time'","link":"https:\/\/www.futebolinterior.com.br\/diniz-exalta-postura-do-santos-em-vitoria-craque-do-jogo-foi-a-vontade-do-time\/","chapeu":"FORAM BEM","data":"20\/06\/2021","imagem":"https:\/\/images.futebolinterior.com.br\/2021\/06\/E4Xala5XoAMGETm-300x200.jpg","resumo":""},"1042817":{"titulo":"'Conquista do Paulist\u00e3o teve um pre\u00e7o', diz Crespo ap\u00f3s derrota do S\u00e3o Paulo","link":"https:\/\/www.futebolinterior.com.br\/conquista-do-paulistao-teve-um-preco-diz-crespo-apos-derrota-do-sao-paulo\/","chapeu":"FALA PROFESSOR!","data":"20\/06\/2021","imagem":"https:\/\/images.futebolinterior.com.br\/2021\/06\/crespo-300x200.jpg","resumo":""},"1042814":{"titulo":"Juventude 1 x 0 Sport - Ju vence a primeira em seu retorno \u00e0 elite","link":"https:\/\/www.futebolinterior.com.br\/juventude-1-x-0-sport-ju-vence-a-primeira-em-seu-retorno-a-elite\/","chapeu":"X\u00d4 ZICA!","data":"20\/06\/2021","imagem":"https:\/\/images.futebolinterior.com.br\/2021\/06\/JUVENTUDE-300x200.jpg","resumo":""},"1042794":{"titulo":"Marinho rebate cr\u00edticas ap\u00f3s gol e vit\u00f3ria no San-S\u00e3o: 'Sei que sou muito bom'","link":"https:\/\/www.futebolinterior.com.br\/marinho-rebate-criticas-apos-gol-e-vitoria-no-san-sao-sei-que-sou-muito-bom\/","chapeu":"SAI PARA L\u00c1","data":"20\/06\/2021","imagem":"https:\/\/images.futebolinterior.com.br\/2021\/06\/E4XSP7lXIAA8g1U-300x198.jpg","resumo":""},"1042741":{"titulo":"Athletico-PR 2 x 1 Atl\u00e9tico-GO - Furac\u00e3o mant\u00e9m 100% e lidera Brasileir\u00e3o","link":"https:\/\/www.futebolinterior.com.br\/athletico-pr-2-x-1-atletico-go-furacao-mantem-100-e-lidera-brasileirao\/","chapeu":"EMBALADO","data":"20\/06\/2021","imagem":"https:\/\/images.futebolinterior.com.br\/2021\/06\/197306258_4291736670848286_852448737757244753_n-300x300.jpg","resumo":""},"1042676":{"titulo":"Cantillo valoriza ponto fora na Bahia, mas alerta sobre fase ruim do Corinthians na Arena","link":"https:\/\/www.futebolinterior.com.br\/cantillo-valoriza-ponto-fora-na-bahia-mas-alerta-sobre-fase-ruim-do-corinthians-na-arena\/","chapeu":"ATEN\u00c7\u00c3O","data":"20\/06\/2021","imagem":"https:\/\/images.futebolinterior.com.br\/2021\/06\/E4WziiRXwAAP40C-300x209.jpg","resumo":""},"1042699":{"titulo":"Fortaleza 1 x 1 Fluminense - Invictos, tricolores empatam no Castel\u00e3o","link":"https:\/\/www.futebolinterior.com.br\/fortaleza-1-x-1-fluminense-invictos-tricolores-empatam-no-castelao\/","chapeu":"EMPATE!","data":"20\/06\/2021","imagem":"https:\/\/images.futebolinterior.com.br\/2021\/06\/51261397315_fe54c6d0c1_c-300x169.jpg","resumo":""}}