{"1043290":{"titulo":"Luciano tem estiramento na coxa e aumenta lista de desfalques do S\u00e3o Paulo","link":"https:\/\/www.futebolinterior.com.br\/luciano-tem-estiramento-na-coxa-e-aumenta-lista-de-desfalques-do-sao-paulo\/","chapeu":"LES\u00c3O","data":"21\/06\/2021","imagem":"https:\/\/images.futebolinterior.com.br\/2021\/06\/8928_crop_galeria-300x193.jpg","resumo":""},"1043236":{"titulo":"Verde ou Azul? Entenda a pol\u00eamica com a cor da chuteira de J\u00f4, do Corinthians","link":"https:\/\/www.futebolinterior.com.br\/verde-ou-azul-entenda-a-polemica-com-a-cor-da-chuteira-de-jo-do-corinthians\/","chapeu":"POR DENTRO?","data":"21\/06\/2021","imagem":"https:\/\/images.futebolinterior.com.br\/2021\/06\/1592399811953ecc4b20bb9dfcbfa3faaa4967bfda-300x200.jpg","resumo":""},"1043216":{"titulo":"Volante do Juventude que participou de dois acessos deve acertar ida para o Goi\u00e1s","link":"https:\/\/www.futebolinterior.com.br\/volante-do-juventude-que-participou-de-dois-acessos-deve-acertar-ida-para-o-goias\/","chapeu":"DE SA\u00cdDA","data":"21\/06\/2021","imagem":"https:\/\/images.futebolinterior.com.br\/2021\/06\/JP-300x200.png","resumo":"Veterano de 36 anos, Jo\u00e3o Paulo est\u00e1 no clube desde 2019"},"1043107":{"titulo":"Ap\u00f3s seis anos, Diego Aguirre volta para resgatar a 'identidade' do Internacional","link":"https:\/\/www.futebolinterior.com.br\/apos-seis-anos-diego-aguirre-volta-para-resgatar-a-identidade-do-internacional\/","chapeu":"NOVO COMANDANTE","data":"21\/06\/2021","imagem":"https:\/\/images.futebolinterior.com.br\/2021\/06\/Aguirre-300x199.png","resumo":"Treinador promete dar mais espa\u00e7o aos jovens"},"1043100":{"titulo":"Flamengo avalia a contrata\u00e7\u00e3o de volante de gigante franc\u00eas ex-S\u00e3o Paulo","link":"https:\/\/www.futebolinterior.com.br\/flamengo-avalia-a-contratacao-de-volante-de-gigante-frances-ex-sao-paulo\/","chapeu":"DE OLHO","data":"21\/06\/2021","imagem":"https:\/\/images.futebolinterior.com.br\/2021\/06\/E4a7jFwXEAYQPVk-300x200.jpg","resumo":""},"1043039":{"titulo":"Entenda o projeto de clube-empresa que passou pelo Senado e ser\u00e1 votado na C\u00e2mara","link":"https:\/\/www.futebolinterior.com.br\/entenda-o-projeto-de-clube-empresa-que-passou-pelo-senado-e-sera-votado-na-camara\/","chapeu":"EM VOTA\u00c7\u00c3O","data":"21\/06\/2021","imagem":"https:\/\/images.futebolinterior.com.br\/2021\/06\/E4WqtroXIAIxlbf-1-300x227.jpg","resumo":""},"1043051":{"titulo":"Palmeiras multa Patrick de Paula por ida a uma festa clandestina: 'Inadmiss\u00edvel'","link":"https:\/\/www.futebolinterior.com.br\/palmeiras-multa-patrick-de-paula-por-ida-a-uma-festa-clandestina-inadmissivel\/","chapeu":"IRRESPONS\u00c1VEL","data":"21\/06\/2021","imagem":"https:\/\/images.futebolinterior.com.br\/2021\/06\/PP-300x167.png","resumo":"O volante ter\u00e1 desconto em 40% de seu sal\u00e1rio. Mesma puni\u00e7\u00e3o aplicada a Lucas Lima"},"1042960":{"titulo":"Destaque do Atl\u00e9tico-MG, Everson vive expectativa de completar 50 jogos pelo time","link":"https:\/\/www.futebolinterior.com.br\/destaque-do-atletico-mg-everson-vive-expectativa-de-completar-50-jogos-pelo-time\/","chapeu":"DESTAQUE!","data":"21\/06\/2021","imagem":"https:\/\/images.futebolinterior.com.br\/2021\/06\/everson-300x197.jpg","resumo":"Ao todo, Everson j\u00e1 disputou 49 partidas com a camisa do Atl\u00e9tico-MG"},"1042909":{"titulo":"Ap\u00f3s terminar cl\u00e1ssico no sacrif\u00edcio, goleiro do Santos preocupa comiss\u00e3o t\u00e9cnica","link":"https:\/\/www.futebolinterior.com.br\/apos-terminar-classico-no-sacrificio-goleiro-do-santos-preocupa-comissao-tecnica\/","chapeu":"D\u00daVIDA!","data":"21\/06\/2021","imagem":"https:\/\/images.futebolinterior.com.br\/2021\/06\/john-300x130.jpg","resumo":"Se John vier a ser vetado pelos m\u00e9dicos, Diniz tem duas op\u00e7\u00f5es para a posi\u00e7\u00e3o: Vladimir e Jo\u00e3o Paulo, que chegou a ser titular em parte da temporada passada"},"1042912":{"titulo":"Com problemas no ataque, Sylvinho prev\u00ea Fagner mais ofensivo no Corinthians","link":"https:\/\/www.futebolinterior.com.br\/com-problemas-no-ataque-sylvinho-preve-fagner-mais-ofensivo-no-corinthians\/","chapeu":"SOLU\u00c7\u00c3O?","data":"21\/06\/2021","imagem":"https:\/\/images.futebolinterior.com.br\/2021\/06\/Cor_RodrigoCoca_03_ori-300x94.jpg","resumo":"Nos \u00faltimos sete jogos do Corinthians, por diferentes competi\u00e7\u00f5es, foram marcados apenas tr\u00eas gols"}}