{"1044155":{"titulo":"Santos treina no CT do Inter e Diniz escala time para duelo com o Gr\u00eamio","link":"https:\/\/www.futebolinterior.com.br\/santos-treina-no-ct-do-inter-e-diniz-escala-time-para-duelo-com-o-gremio\/","chapeu":"TIME DEFINIDO","data":"23\/06\/2021","imagem":"https:\/\/images.futebolinterior.com.br\/2021\/06\/E4kpOoyXMAQw7Ds-300x225.jpg","resumo":""},"1044149":{"titulo":"Athletico-PR empresta zagueiro ao Atl\u00e9tico Nacional-COL","link":"https:\/\/www.futebolinterior.com.br\/athletico-pr-empresta-zagueiro-ao-atletico-nacional-col\/","chapeu":"EMPRESTADO","data":"23\/06\/2021","imagem":"https:\/\/images.futebolinterior.com.br\/2021\/06\/Screenshot-2021-06-23-at-13-44-00-Sem-espaco-no-Athletico-zagueiro-Felipe-Aguilar-e-emprestado-para-time-colombiano-300x161.png","resumo":""},"1044098":{"titulo":"Lateral do Corinthians assume ato racista, se desculpa e deve ser punido","link":"https:\/\/www.futebolinterior.com.br\/lateral-do-corinthians-assume-ato-racista-se-desculpa-e-deve-ser-punido\/","chapeu":"CONFISS\u00c3O!","data":"23\/06\/2021","imagem":"https:\/\/images.futebolinterior.com.br\/2021\/06\/ave-300x209.jpeg","resumo":""},"1044083":{"titulo":"Lateral do Corinthians \u00e9 acusado de racismo; Corinthians analisa o caso","link":"https:\/\/www.futebolinterior.com.br\/lateral-do-corinthians-e-acusado-de-racismo-corinthians-analisa-o-caso\/","chapeu":"EITA!","data":"23\/06\/2021","imagem":"https:\/\/images.futebolinterior.com.br\/2021\/06\/danilo-300x204.jpeg","resumo":""},"1043925":{"titulo":"Flamengo tem retornos de Pedro e Thiago Maia e despedida de Gerson","link":"https:\/\/www.futebolinterior.com.br\/flamengo-tem-retornos-de-pedro-e-thiago-maia-e-despedida-de-gerson\/","chapeu":"ADEUS!","data":"22\/06\/2021","imagem":"https:\/\/images.futebolinterior.com.br\/2021\/06\/gerson-300x200.jpg","resumo":"Nesta ter\u00e7a, ele participou do seu \u00faltimo treino com a camisa rubro-negra e n\u00e3o escondeu as l\u00e1grimas ao fim da atividade"},"1043938":{"titulo":"Red Bull Bragantino x Palmeiras - Duelo paulista vale a sequ\u00eancia no G4 do Brasileir\u00e3o","link":"https:\/\/www.futebolinterior.com.br\/red-bull-bragantino-x-palmeiras-duelo-paulista-vale-a-sequencia-no-g4-do-brasileirao\/","chapeu":"JOG\u00c3O","data":"22\/06\/2021","imagem":"https:\/\/images.futebolinterior.com.br\/2021\/06\/E4hPCHBXwAMZ7sv-300x220.jpg","resumo":""},"1043930":{"titulo":"Ainda sem Claudinho, Red Bull Bragantino aposta a sua for\u00e7a ofensiva diante do Palmeiras","link":"https:\/\/www.futebolinterior.com.br\/ainda-sem-claudinho-red-bull-bragantino-aposta-a-sua-forca-ofensiva-diante-do-palmeiras\/","chapeu":"COM TUDO","data":"22\/06\/2021","imagem":"https:\/\/images.futebolinterior.com.br\/2021\/06\/E4hPCGaX0AM5R4d-300x210.jpg","resumo":""},"1043882":{"titulo":"Campe\u00e3o da Libertadores vira auxiliar do t\u00e9cnico Sylvinho no Corinthians","link":"https:\/\/www.futebolinterior.com.br\/campeao-da-libertadores-vira-auxiliar-do-tecnico-sylvinho-no-corinthians\/","chapeu":"AGORA, VAI?","data":"22\/06\/2021","imagem":"https:\/\/images.futebolinterior.com.br\/2021\/06\/alex-300x169.jpg","resumo":"Campe\u00e3o da Libertadores em 2012, ele vinha atuando como coordenador da base, mas com a reformula\u00e7\u00e3o no setor, foi remanejado"},"1043864":{"titulo":"Internacional quer repatriar zagueiro do Real B\u00e9tis, da Espanha","link":"https:\/\/www.futebolinterior.com.br\/internacional-quer-repatriar-zagueiro-do-real-betis-da-espanha\/","chapeu":"MONITORANDO","data":"22\/06\/2021","imagem":"https:\/\/images.futebolinterior.com.br\/2021\/06\/sidnei_8129_2-300x169.jpg","resumo":""},"1043803":{"titulo":"Atl\u00e9tico-GO x Fluminense - Em boa fase, clubes brigam por vaga no G-4","link":"https:\/\/www.futebolinterior.com.br\/atletico-go-x-fluminense-em-boa-fase-clubes-brigam-por-vaga-no-g-4\/","chapeu":"BRIGA BOA!","data":"22\/06\/2021","imagem":"https:\/\/images.futebolinterior.com.br\/2021\/06\/att-300x169.jpeg","resumo":""}}