{"1043787":{"titulo":"Flamengo x Fortaleza - Na despedida de Gerson, Tricolor quer aprontar contra o atual campe\u00e3o","link":"https:\/\/www.futebolinterior.com.br\/flamengo-x-fortaleza-na-despedida-de-gerson-tricolor-quer-aprontar-contra-o-atual-campeao\/","chapeu":"ESTRAGA PRAZERES?","data":"22\/06\/2021","imagem":"https:\/\/images.futebolinterior.com.br\/2021\/06\/Screenshot-2021-06-22-at-17-52-58-Flamengo-x-Fortaleza-data-hora-e-canal-para-assistir-a-partida-do-Campeonato-Brasileiro-300x167.png","resumo":""},"1043746":{"titulo":"BRASILEIR\u00c3O: Bragantino, Fluminense e Fortaleza tentam manter invencibilidade nesta quarta-feira","link":"https:\/\/www.futebolinterior.com.br\/brasileirao-bragantino-fluminense-e-fortaleza-tentam-manter-a-invencibilidade-nesta-quarta-feira\/","chapeu":"PARA MANTER","data":"22\/06\/2021","imagem":"https:\/\/images.futebolinterior.com.br\/2021\/06\/20210620191311_580-300x235.jpeg","resumo":""},"1043710":{"titulo":"Ap\u00f3s les\u00e3o e 8 meses de afastamento, S\u00e1nchez volta a ser relacionado no Santos","link":"https:\/\/www.futebolinterior.com.br\/apos-lesao-e-8-meses-de-afastamento-sanchez-volta-a-ser-relacionado-no-santos\/","chapeu":"DE VOLTA","data":"22\/06\/2021","imagem":"https:\/\/images.futebolinterior.com.br\/2021\/06\/Sanchez-1-300x130.jpg","resumo":""},"1043708":{"titulo":"S\u00e3o Paulo x Cuiab\u00e1 - Tricolor faz duelo direto na busca pela primeira vit\u00f3ria no Brasileir\u00e3o","link":"https:\/\/www.futebolinterior.com.br\/sao-paulo-x-cuiaba-tricolor-faz-duelo-direto-na-busca-pela-primeira-vitoria-no-brasileirao\/","chapeu":"BRIGA BOA","data":"22\/06\/2021","imagem":"https:\/\/images.futebolinterior.com.br\/2021\/06\/E4gNsy8WUAAuvUc-300x240.jpg","resumo":""},"1043647":{"titulo":"Boletim M\u00e9dico do Inter informa desfalque por tr\u00eas meses e retorno de atletas","link":"https:\/\/www.futebolinterior.com.br\/boletim-medico-do-inter-informa-desfalque-por-tres-meses-e-retorno-de-atletas\/","chapeu":"TER\u00c1 PROBLEMA","data":"22\/06\/2021","imagem":"https:\/\/images.futebolinterior.com.br\/2021\/06\/MOISES-300x199.png","resumo":"O lateral-esquerdo Mois\u00e9s ser\u00e1 desfalque por tr\u00eas meses. Marcelo Lomba e Saraiva voltam ap\u00f3s Covid"},"1043616":{"titulo":"Com les\u00e3o no joelho direito, goleiro John desfalca o Santos contra o Gr\u00eamio","link":"https:\/\/www.futebolinterior.com.br\/com-lesao-no-joelho-direito-goleiro-john-desfalca-o-santos-contra-o-gremio\/","chapeu":"DE FORA","data":"22\/06\/2021","imagem":"https:\/\/images.futebolinterior.com.br\/2021\/06\/E4fsFbaXMAIyjha-291x300.jpg","resumo":""},"1043601":{"titulo":"Atl\u00e9tico-GO demonstra interesse em zagueiro que jogou no Vasco por tr\u00eas anos","link":"https:\/\/www.futebolinterior.com.br\/atletico-go-demonstra-interesse-em-zagueiro-que-jogou-no-vasco-por-tres-anos\/","chapeu":"REFOR\u00c7O?","data":"22\/06\/2021","imagem":"https:\/\/images.futebolinterior.com.br\/2021\/06\/werley-300x169.png","resumo":"Werley, de 32 anos, atuou no clube nas \u00faltimas tr\u00eas temporadas"},"1043579":{"titulo":"Felipe Melo cobra Patrick de Paula e Lucas Lima: 'Foi um erro grotesco'","link":"https:\/\/www.futebolinterior.com.br\/felipe-melo-cobra-patrick-de-paula-e-lucas-lima-foi-um-erro-grotesco\/","chapeu":"COBRAN\u00c7A","data":"22\/06\/2021","imagem":"https:\/\/images.futebolinterior.com.br\/2021\/06\/aV6Ab0TY-300x146.jpg","resumo":""},"1043587":{"titulo":"S\u00e9rie B: N\u00e1utico tenta contrata\u00e7\u00e3o de volante do Santos","link":"https:\/\/www.futebolinterior.com.br\/serie-b-nautico-tenta-contratacao-de-volante-do-santos\/","chapeu":"NA MIRA!","data":"22\/06\/2021","imagem":"https:\/\/images.futebolinterior.com.br\/2021\/06\/GUILHERME-300x200.jpg","resumo":""},"1043563":{"titulo":"Internacional segue em cima e busca contrata\u00e7\u00e3o de lateral revela\u00e7\u00e3o de gigante da S\u00e9rie B","link":"https:\/\/www.futebolinterior.com.br\/internacional-segue-em-cima-e-busca-contratacao-de-lateral-revelacao-de-gigante-da-serie-b\/","chapeu":"MERCADO","data":"22\/06\/2021","imagem":"https:\/\/images.futebolinterior.com.br\/2021\/06\/60d0d29a7055e-300x210.jpeg","resumo":""}}