{"1044299":{"titulo":"Chapecoense x Inter - Times se enfrentam mantendo escala\u00e7\u00f5es da \u00faltima rodada","link":"https:\/\/www.futebolinterior.com.br\/chapecoense-x-inter-times-se-enfrentam-mantendo-escalacoes-da-ultima-rodada\/","chapeu":"JOG\u00c3O","data":"23\/06\/2021","imagem":"https:\/\/images.futebolinterior.com.br\/2021\/06\/inter-300x284.png","resumo":"Equipes passam por momentos parecidos de incerteza e identidade do estilo de jogo"},"1044301":{"titulo":"Bahia x Athletico - Boa fase, lideran\u00e7a, quer mais?","link":"https:\/\/www.futebolinterior.com.br\/bahia-x-athletico-boa-fase-lideranca-quer-mais\/","chapeu":"OLHO NA PONTA!","data":"23\/06\/2021","imagem":"https:\/\/images.futebolinterior.com.br\/2021\/06\/bahia-300x200.jpg","resumo":""},"1044287":{"titulo":"Am\u00e9rica-MG x Juventude - Da S\u00e9rie B para elite, quem vencer\u00e1?","link":"https:\/\/www.futebolinterior.com.br\/america-mg-x-juventude-da-serie-b-para-elite-quem-vencera\/","chapeu":"NOVA ERA?","data":"23\/06\/2021","imagem":"https:\/\/images.futebolinterior.com.br\/2021\/06\/america-300x199.jpg","resumo":""},"1044285":{"titulo":"Chapecoense recebe o Inter para manter \"freguesia\" contra os Colorados","link":"https:\/\/www.futebolinterior.com.br\/chapecoense-recebe-o-inter-para-manter-freguesia-contra-os-colorados\/","chapeu":"CPF NA NOTA?","data":"23\/06\/2021","imagem":"https:\/\/images.futebolinterior.com.br\/2021\/06\/Chapee-300x200.png","resumo":"Inter nunca venceu o rival na Arena Cond\u00e1 pelo Campeonato Brasileiro"},"1044265":{"titulo":"Corinthians x Sport - Em situa\u00e7\u00f5es parecidas no Brasileiro, times tentam sair da crise","link":"https:\/\/www.futebolinterior.com.br\/corinthians-x-sport-em-situacoes-parecidas-no-brasileiro-times-tentam-sair-da-crise\/","chapeu":"VAI PEGAR FOGO","data":"23\/06\/2021","imagem":"https:\/\/images.futebolinterior.com.br\/2021\/06\/Corinthians-300x206.png","resumo":"Tim\u00e3o soma apenas cinco pontos e Le\u00e3o quatro. Equipes tentam reencontrar bom futebol "},"1044212":{"titulo":"Gr\u00eamio x Santos - Tricolor busca recupera\u00e7\u00e3o contra Peixe motivado","link":"https:\/\/www.futebolinterior.com.br\/gremio-x-santos-tricolor-busca-recuperacao-contra-peixe-motivado\/","chapeu":"PARA DESENCANTAR","data":"23\/06\/2021","imagem":"https:\/\/images.futebolinterior.com.br\/2021\/06\/para-matheus-henrique-gremio-santos-libertadores-09122020_8l94xkiipsp91sh6t2xba1ov5-300x169.jpg","resumo":""},"1044213":{"titulo":"Atacante \u00e9 diagnosticado com covid-19 e vai desfalcar o Atl\u00e9tico-MG contra o Cear\u00e1","link":"https:\/\/www.futebolinterior.com.br\/atacante-e-diagnosticado-com-covid-19-e-vai-desfalcar-o-atletico-mg-contra-o-ceara\/","chapeu":"BAIXA!","data":"23\/06\/2021","imagem":"https:\/\/images.futebolinterior.com.br\/2021\/06\/sasha-300x200.jpg","resumo":"Apesar de todos os problemas, o Atl\u00e9tico-MG faz boa campanha no Brasileir\u00e3o, com dez pontos conquistados, ap\u00f3s cinco partidas"},"1044190":{"titulo":"BRASILEIR\u00c3O: Corinthians busca recupera\u00e7\u00e3o; Athletico-PR quer manter os 100%","link":"https:\/\/www.futebolinterior.com.br\/brasileirao-corinthians-busca-recuperacao-athletico-pr-quer-manter-os-100\/","chapeu":"NOVA CHANCE","data":"23\/06\/2021","imagem":"https:\/\/images.futebolinterior.com.br\/2021\/06\/E4WzAfRX0AE7FuS-300x223.jpg","resumo":""},"1044194":{"titulo":"Sport tenta se blindar de crise pol\u00edtica ao visitar o Corinthians no Brasileir\u00e3o","link":"https:\/\/www.futebolinterior.com.br\/sport-tenta-se-blindar-de-crise-politica-ao-visitar-o-corinthians-no-brasileirao\/","chapeu":"CONCENTRA\u00c7\u00c3O","data":"23\/06\/2021","imagem":"https:\/\/images.futebolinterior.com.br\/2021\/06\/E4gjh7fWEAgDes--300x225.jpg","resumo":""},"1044163":{"titulo":"Em sua reestreia, Aguirre n\u00e3o deve mexer no Inter para duelo com a Chapecoense","link":"https:\/\/www.futebolinterior.com.br\/em-sua-reestreia-aguirre-nao-deve-mexer-no-inter-para-duelo-com-a-chapecoense\/","chapeu":"SEM MUDAN\u00c7AS","data":"23\/06\/2021","imagem":"https:\/\/images.futebolinterior.com.br\/2021\/06\/E4gI29OX0AIRXz2-300x200.jpg","resumo":""}}