{"1046854":{"titulo":"\u00cddolo da Fiel detona Corinthians ap\u00f3s novo trope\u00e7o: \"\u00c9 um trem-fantasma\"","link":"https:\/\/www.futebolinterior.com.br\/idolo-da-fiel-detona-corinthians-apos-novo-tropeco-e-um-trem-fantasma\/","chapeu":"NA BRONCA!","data":"28\/06\/2021","imagem":"https:\/\/images.futebolinterior.com.br\/2021\/06\/marcelinho-e1624887610692-300x215.png","resumo":"Eterno camisa 7 ainda criticou os jogadores e disse que eles t\u00eam sorte pela falta de torcida nos est\u00e1dios, o que diminuiria a press\u00e3o"},"1046848":{"titulo":"Ainda sem vencer, Jair Ventura fala em \"muito trabalho\" e projeta sequ\u00eancia de vit\u00f3rias","link":"https:\/\/www.futebolinterior.com.br\/ainda-sem-vencer-jair-ventura-fala-em-muito-trabalho-e-projeta-sequencia-de-vitorias\/","chapeu":"SEM VIT\u00d3RIA","data":"28\/06\/2021","imagem":"https:\/\/images.futebolinterior.com.br\/2021\/06\/Chape_MarcioCunha_04_ori-300x200.jpg","resumo":"Jair Ventura, al\u00e9m de acumular uma desastrosa elimina\u00e7\u00e3o para o ABC na Copa do Brasil, tem sete jogos \u00e0 frente da Chapecoense com quatro empates e tr\u00eas derrotas"},"1046837":{"titulo":"Hulk d\u00e1 presente de R$ 1 milh\u00e3o \u00e0 esposa, que posa provocante em cima do carr\u00e3o","link":"https:\/\/www.futebolinterior.com.br\/hulk-da-presente-de-r-1-milhao-a-esposa-que-posa-provocante-em-cima-do-carrao\/","chapeu":"MIMO!","data":"28\/06\/2021","imagem":"https:\/\/images.futebolinterior.com.br\/2021\/06\/camila-185x300.png","resumo":"Camila recebeu de presente uma BMW X7 Dark Shadow Edition"},"1046787":{"titulo":"Em paz com a diretoria, Abel Ferreira diz que treinar o Palmeiras \u00e9 um 'sonho'","link":"https:\/\/www.futebolinterior.com.br\/em-paz-com-a-diretoria-abel-ferreira-diz-que-treinar-o-palmeiras-e-um-sonho\/","chapeu":"EM PAZ!","data":"28\/06\/2021","imagem":"https:\/\/images.futebolinterior.com.br\/2021\/06\/Pal_CesarGreco_07_ori-300x169.jpg","resumo":"Treinador portugu\u00eas falou sobre a reuni\u00e3o que teve com os dirigentes recentemente e foi s\u00f3 elogios ao clube"},"1046786":{"titulo":"Auxiliar de Crespo n\u00e3o desanima ap\u00f3s pior in\u00edcio do S\u00e3o Paulo no Brasileir\u00e3o","link":"https:\/\/www.futebolinterior.com.br\/auxiliar-de-crespo-nao-desanima-apos-pior-inicio-do-sao-paulo-no-brasileirao\/","chapeu":"CONFIAN\u00c7A!","data":"28\/06\/2021","imagem":"https:\/\/images.futebolinterior.com.br\/2021\/06\/auxiliar-e1624882271574-300x213.jpg","resumo":"Branda substituiu Hern\u00e1n Crespo, afastado das atividades do clube porque testou positivo para a covid-19"},"1046778":{"titulo":"Mais uma vez decisivo, her\u00f3i da Libertadores destaca import\u00e2ncia de vit\u00f3ria do Palmeiras","link":"https:\/\/www.futebolinterior.com.br\/mais-uma-vez-decisivo-heroi-da-libertadores-destaca-importancia-de-vitoria-do-palmeiras\/","chapeu":"HER\u00d3I","data":"28\/06\/2021","imagem":"https:\/\/images.futebolinterior.com.br\/2021\/06\/PalxSan_CesarGreco_01_ori-300x169.jpg","resumo":"Aos 46 minutos do segundo tempo, Breno Lopes recebeu passe de Gustavo Scarpa, o nome do jogo, e marcou o gol que definiu o placar"},"1046776":{"titulo":"Diniz enaltece sequ\u00eancia positiva do Santos, mas mant\u00e9m cautela: 'Sem euforia'","link":"https:\/\/www.futebolinterior.com.br\/diniz-enaltece-sequencia-positiva-do-santos-mas-mantem-cautela-sem-euforia\/","chapeu":"SATISFEITO!","data":"28\/06\/2021","imagem":"https:\/\/images.futebolinterior.com.br\/2021\/06\/San_IvanStorti_03_ori-300x200.jpg","resumo":"Treinador afirmou que est\u00e1 contente com o desempenho de seus atletas, reconheceu que os resultados positivos lhe ajudam na sequ\u00eancia da temporada"},"1046743":{"titulo":"Com toque de calcanhar e no gol, Edenilson brilha no suado empate do Inter","link":"https:\/\/www.futebolinterior.com.br\/com-toque-de-calcanhar-e-no-gol-edenilson-brilha-no-suado-empate-do-inter\/","chapeu":"DEFENDEU!","data":"28\/06\/2021","imagem":"https:\/\/images.futebolinterior.com.br\/2021\/06\/edenilson-300x200.jpg","resumo":"Nos cinco minutos em que vestiu a camisa diferente e as luvas ele foi exigido. Encaixou uma bola vindo da lateral e at\u00e9 fez pose"},"1046739":{"titulo":"Jean Mota considera vit\u00f3ria santista justa e desconversa sobre proposta turca","link":"https:\/\/www.futebolinterior.com.br\/jean-mota-considera-vitoria-santista-justa-e-desconversa-sobre-proposta-turca\/","chapeu":"FELIZ!","data":"28\/06\/2021","imagem":"https:\/\/images.futebolinterior.com.br\/2021\/06\/jean-mota-300x130.jpg","resumo":"Em entrevista na sa\u00edda do gramado, Jean Mota destacou que os dois times tiveram chances durante toda a partida, mas que o Santos teve mais m\u00e9rito por neutralizar as jogadas advers\u00e1rias"},"1046593":{"titulo":"Sylvinho diz que Corinthians sofreu gol com um a mais pois se exp\u00f4s: '\u00c9 do jogo'","link":"https:\/\/www.futebolinterior.com.br\/sylvinho-diz-que-corinthians-sofreu-gol-com-um-a-mais-pois-se-expos-e-do-jogo\/","chapeu":"LENGA-LENGA","data":"28\/06\/2021","imagem":"https:\/\/images.futebolinterior.com.br\/2021\/06\/CRwEZmXh-Cor_RodrigoCoca_01_ori-300x216.jpg","resumo":"Empate por 1 a 1 impediu que o Corinthians desse sequ\u00eancia \u00e0 rea\u00e7\u00e3o iniciada no meio da semana, com a vit\u00f3ria por 2 a 1 sobre o Sport, na Neo Qu\u00edmica Arena"}}