{"1047116":{"titulo":"John pode retornar \u00e0 meta do Santos contra Sport pela oitava rodada do Brasileiro","link":"https:\/\/www.futebolinterior.com.br\/john-pode-retornar-a-meta-do-santos-contra-sport-pela-oitava-rodada-do-brasileiro\/","chapeu":"A\u00cd SIM","data":"28\/06\/2021","imagem":"https:\/\/images.futebolinterior.com.br\/2021\/06\/E4_jE74WEAACNuX-300x200.jpg","resumo":""},"1047088":{"titulo":"Corinthians treina com Luan em campo e atacante Marquinhos \u00e9 reintegrado","link":"https:\/\/www.futebolinterior.com.br\/corinthians-treina-com-luan-em-campo-e-atacante-marquinhos-e-reintegrado\/","chapeu":"VOLTANDO","data":"28\/06\/2021","imagem":"https:\/\/images.futebolinterior.com.br\/2021\/06\/luan-300x225.png","resumo":"Apesar de trabalhar com a equipe, atacante ainda \u00e9 d\u00favida"},"1047056":{"titulo":"No Palmeiras, Gabriel Veron participa de coletivo e se aproxima de retorno","link":"https:\/\/www.futebolinterior.com.br\/no-palmeiras-gabriel-veron-participa-de-coletivo-e-se-aproxima-de-retorno\/","chapeu":"VOLTANDO","data":"28\/06\/2021","imagem":"https:\/\/images.futebolinterior.com.br\/2021\/06\/gabrielveron-829x397-1-300x144.jpg","resumo":""},"1046985":{"titulo":"Clubes brasileiros usam cores do arco-\u00edris para apoiar luta contra a homofobia","link":"https:\/\/www.futebolinterior.com.br\/clubes-brasileiros-usam-cores-do-arco-iris-para-apoiar-luta-contra-a-homofobia\/","chapeu":"ORGULHO LGBTQIAP+","data":"28\/06\/2021","imagem":"https:\/\/images.futebolinterior.com.br\/2021\/06\/joao-pedro-300x225.jpg","resumo":""},"1047005":{"titulo":"Apesar da derrota, Dado Cavalcanti enxerga pontos positivos na atua\u00e7\u00e3o do Bahia","link":"https:\/\/www.futebolinterior.com.br\/apesar-da-derrota-dado-cavalcanti-enxerga-pontos-positivos-na-atuacao-do-bahia\/","chapeu":"OTIMISTA","data":"28\/06\/2021","imagem":"https:\/\/images.futebolinterior.com.br\/2021\/06\/dado-300x183.png","resumo":"Treinador diz que o time foi criativo, mas pecou nas finaliza\u00e7\u00f5es "},"1046955":{"titulo":"Com brincadeira na web, Red Bull Bragantino compra em definitivo meia de clube europeu","link":"https:\/\/www.futebolinterior.com.br\/com-brincadeira-na-web-red-bull-bragantino-compra-em-definitivo-meia-de-clube-europeu\/","chapeu":"EM DEFINITIVO!","data":"28\/06\/2021","imagem":"https:\/\/images.futebolinterior.com.br\/2021\/06\/lucas-240x300.jpg","resumo":"Titular do time de Maur\u00edcio Barbieri, Lucas Evangelista acumula cinco gols e 48 jogos"},"1046946":{"titulo":"Jovem zagueiro que estava em Portugal \u00e9 reintegrado pelo Palmeiras","link":"https:\/\/www.futebolinterior.com.br\/jovem-zagueiro-que-estava-em-portugal-e-reintegrado-pelo-palmeiras\/","chapeu":"REFOR\u00c7O","data":"28\/06\/2021","imagem":"https:\/\/images.futebolinterior.com.br\/2021\/06\/Pedrao-300x204.png","resumo":"Pedr\u00e3o, de 24 anos, estava no Athlertico Nacional e deve chegar nesta semana"},"1046936":{"titulo":"J\u00f4 posta v\u00eddeo em rede social e nega presen\u00e7a em festa clandestina em S\u00e3o Paulo","link":"https:\/\/www.futebolinterior.com.br\/jo-posta-video-em-rede-social-e-nega-presenca-em-festa-clandestina-em-sao-paulo\/","chapeu":"POL\u00caMICA","data":"28\/06\/2021","imagem":"https:\/\/images.futebolinterior.com.br\/2021\/06\/Jo-300x159.png","resumo":"Atacante se diz triste com as not\u00edcias sobre o ocorrido "},"1046927":{"titulo":"Bahia tem negocia\u00e7\u00f5es avan\u00e7adas com lateral-esquerdo titular na S\u00e9rie B","link":"https:\/\/www.futebolinterior.com.br\/bahia-tem-negociacoes-avancadas-com-lateral-esquerdo-titular-na-serie-b\/","chapeu":"REFOR\u00c7O?","data":"28\/06\/2021","imagem":"https:\/\/images.futebolinterior.com.br\/2021\/06\/Djalma-300x201.png","resumo":"Jogador foi oferecido pelo pr\u00f3prio Fantasma"},"1046896":{"titulo":"Ap\u00f3s selinho em amigo, Sheik revela que \"comprou\" torcida com balada para ficar em paz","link":"https:\/\/www.futebolinterior.com.br\/apos-selinho-em-amigo-sheik-revela-que-comprou-torcida-com-balada-para-ficar-em-paz\/","chapeu":"PRECONCEITO","data":"28\/06\/2021","imagem":"https:\/\/images.futebolinterior.com.br\/2021\/06\/emersonsheik-e1624894451308-300x300.jpg","resumo":"Ex-atacante deu um selinho no amigo Isaque em 2013"}}