{"1047488":{"titulo":"Chapecoense sonda atacante do Cear\u00e1 que est\u00e1 emprestado ao Am\u00e9rica-MG","link":"https:\/\/www.futebolinterior.com.br\/chapecoense-sonda-atacante-do-ceara-que-esta-emprestado-ao-america-mg\/","chapeu":"DE OLHO!","data":"29\/06\/2021","imagem":"https:\/\/images.futebolinterior.com.br\/2021\/06\/leandro-carvalho-300x200.jpg","resumo":"Para ter Leandro Carvalho, a Chapecoense ter\u00e1 que arcar com o sal\u00e1rio integral do atacante"},"1047446":{"titulo":"Atl\u00e9tico-MG perde promessa venezuelana para rival do Brasileir\u00e3o","link":"https:\/\/www.futebolinterior.com.br\/atletico-mg-perde-promessa-venezuelana-para-rival-do-brasileirao\/","chapeu":"FOI EMBORA","data":"29\/06\/2021","imagem":"https:\/\/images.futebolinterior.com.br\/2021\/06\/E1JpBy1WUAUkde9-226x300.jpg","resumo":""},"1047401":{"titulo":"Contra m\u00e1 fase do clube, torcida do Gr\u00eamio protesta pelas ruas de Porto Alegre","link":"https:\/\/www.futebolinterior.com.br\/contra-ma-fase-do-clube-torcida-do-gremio-protesta-pelas-ruas-de-porto-alegre\/","chapeu":"PROTESTO","data":"29\/06\/2021","imagem":"https:\/\/images.futebolinterior.com.br\/2021\/06\/esporte-romildo-bolzan-29112018-001-300x200.jpg","resumo":"Grupo de torcedores do Gr\u00eamio espalharam faixas pela cidade para mostrar a revolta com a m\u00e1 fase do clube ga\u00facho"},"1047433":{"titulo":"Fora dos planos, goleiro deixa o Santos ap\u00f3s longos 14 anos","link":"https:\/\/www.futebolinterior.com.br\/fora-dos-planos-goleiro-deixa-o-santos-apos-longos-14-anos\/","chapeu":"LIVRE!","data":"29\/06\/2021","imagem":"https:\/\/images.futebolinterior.com.br\/2021\/06\/vladimir-300x200.jpeg","resumo":"Vladimir tinha contrato com o Santos at\u00e9 31 de dezembro de 2021, mas encerrou o v\u00ednculo de forma amig\u00e1vel"},"1047408":{"titulo":"Time do Brasileir\u00e3o 'flerta' com volante ex-Ponte que est\u00e1 no Cruzeiro","link":"https:\/\/www.futebolinterior.com.br\/time-do-brasileirao-flerta-com-volante-ex-ponte-que-esta-no-cruzeiro\/","chapeu":"NOVOS ARES?","data":"29\/06\/2021","imagem":"https:\/\/images.futebolinterior.com.br\/2021\/06\/Screenshot-2021-06-29-at-10-55-40-Juventude-tenta-contratacao-por-emprestimo-do-volante-Jadson-do-Cruzeiro-300x200.png","resumo":""},"1047377":{"titulo":"Elenco do Cear\u00e1 critica gramado do Castel\u00e3o e pede mudan\u00e7as: \"Horr\u00edvel\"","link":"https:\/\/www.futebolinterior.com.br\/elenco-do-ceara-critica-gramado-do-castelao-e-pede-mudancas-horrivel\/","chapeu":"INSATISFEITOS!","data":"29\/06\/2021","imagem":"https:\/\/images.futebolinterior.com.br\/2021\/06\/2015_CBF_01_ori-300x200.jpg","resumo":"Entre os jogadores que fizeram a a\u00e7\u00e3o nas redes sociais est\u00e3o Mendoza, Bruno Pacheco, Saulo Mineiro, Jorginho, Fernando Sobral, Charles, Richard, Lima e Vina"},"1047210":{"titulo":"Atl\u00e9tico-GO 0 x 1 Red Bull Bragantino - 'Lingui\u00e7a voadora' abre quatro pontos na lideran\u00e7a do Brasileir\u00e3o","link":"https:\/\/www.futebolinterior.com.br\/atletico-go-0-x-1-red-bull-bragantino-linguica-voadora-abre-quatro-pontos-na-lideranca-do-brasileirao\/","chapeu":"QUEM SEGURA?","data":"28\/06\/2021","imagem":"https:\/\/images.futebolinterior.com.br\/2021\/06\/11f8fee7-6f82-4bec-8a63-8da2c71ff7fe-300x209.jpg","resumo":""},"1047186":{"titulo":"S\u00e3o Paulo treina no Cear\u00e1 e inicia prepara\u00e7\u00e3o para cl\u00e1ssico contra o Corinthians","link":"https:\/\/www.futebolinterior.com.br\/sao-paulo-treina-no-ceara-e-inicia-preparacao-para-classico-contra-o-corinthians\/","chapeu":"FOCO TOTAL","data":"28\/06\/2021","imagem":"https:\/\/images.futebolinterior.com.br\/2021\/06\/E4-bBvjX0AANqqm-300x242.jpg","resumo":""},"1047187":{"titulo":"Torcida invade Aeroporto para cobrar jogadores do Sport","link":"https:\/\/www.futebolinterior.com.br\/torcida-invade-aeroporto-para-cobrar-jogadores-do-sport\/","chapeu":"PRESS\u00c3O!","data":"28\/06\/2021","imagem":"https:\/\/images.futebolinterior.com.br\/2021\/06\/sport-1-300x165.jpeg","resumo":""},"1047165":{"titulo":"Goleiro bi da Libertadores acerta com time da S\u00e9rie D","link":"https:\/\/www.futebolinterior.com.br\/goleiro-bicampeao-da-libertadores-acerta-com-time-da-serie-d\/","chapeu":"FECHADO!","data":"28\/06\/2021","imagem":"https:\/\/images.futebolinterior.com.br\/2021\/06\/marcilio-300x200.jpg","resumo":""}}