{"1047596":{"titulo":"Veja onde \u00e9 poss\u00edvel assistir a cada uma das divis\u00f5es do Brasileir\u00e3o","link":"https:\/\/www.futebolinterior.com.br\/veja-onde-e-possivel-assistir-a-cada-uma-das-divisoes-do-brasileirao\/","chapeu":"TRANSMISS\u00d5ES","data":"29\/06\/2021","imagem":"https:\/\/images.futebolinterior.com.br\/2021\/06\/Imagem1-300x197.png","resumo":""},"1047638":{"titulo":"Focado na primeira vit\u00f3ria, Jair Ventura deve manter base titular da Chapecoense contra o Fortaleza","link":"https:\/\/www.futebolinterior.com.br\/focado-na-primeira-vitoria-jair-ventura-deve-manter-base-titular-da-chapecoense-contra-o-fortaleza\/","chapeu":"PREPARA\u00c7\u00c3O","data":"29\/06\/2021","imagem":"https:\/\/images.futebolinterior.com.br\/2021\/06\/E5EQVKmWQAEnKIK-300x200.jpg","resumo":""},"1047580":{"titulo":"Palmeiras fecha prepara\u00e7\u00e3o com treino t\u00e1tico e deve ter mudan\u00e7as contra o Inter","link":"https:\/\/www.futebolinterior.com.br\/palmeiras-fecha-preparacao-com-treino-tatico-e-deve-ter-mudancas-contra-o-inter\/","chapeu":"MUDAN\u00c7AS ","data":"29\/06\/2021","imagem":"https:\/\/images.futebolinterior.com.br\/2021\/06\/E5D63IRWUAcKZhq-300x169.jpg","resumo":""},"1047597":{"titulo":"Na busca por time ideal, Mancini tem retorno e baixas para levar Am\u00e9rica-MG a primeira vit\u00f3ria","link":"https:\/\/www.futebolinterior.com.br\/na-busca-por-time-ideal-mancini-tem-retorno-e-baixas-para-levar-america-mg-a-primeira-vitoria\/","chapeu":"PARA CIMA","data":"29\/06\/2021","imagem":"https:\/\/images.futebolinterior.com.br\/2021\/06\/E4_-rU6WUAEAg-Y-300x300.jpg","resumo":""},"1047553":{"titulo":"Atacante do Internacional volta a ser procurado por clubes do \"Mundo \u00c1rabe\"","link":"https:\/\/www.futebolinterior.com.br\/atacante-do-internacional-volta-a-ser-procurado-por-clubes-do-mundo-arabe\/","chapeu":"DE SA\u00cdDA?","data":"29\/06\/2021","imagem":"https:\/\/images.futebolinterior.com.br\/2021\/06\/Galhardo-300x215.png","resumo":"Principal jogador Colorado nos \u00faltimos dois anos, Thiago Galhardo est\u00e1 na mira de clubes da Ar\u00e1bia Saudita "},"1047514":{"titulo":"Corinthians quita parcelas da compra de Cantillo","link":"https:\/\/www.futebolinterior.com.br\/corinthians-quita-parcelas-da-compra-de-cantillo\/","chapeu":"ELE FICA!","data":"29\/06\/2021","imagem":"https:\/\/images.futebolinterior.com.br\/2021\/06\/Captura-da-Web_29-6-2021_141739_ge.globo_.com_-300x207.jpeg","resumo":""},"1047545":{"titulo":"Em alta no Santos, zagueiro titular entra na mira de time de Sampaoli na Europa","link":"https:\/\/www.futebolinterior.com.br\/em-alta-no-santos-zagueiro-titular-entra-na-mira-de-time-de-sampaoli-na-europa\/","chapeu":"MALAS PRONTAS?","data":"29\/06\/2021","imagem":"https:\/\/images.futebolinterior.com.br\/2021\/06\/EEjQlBBXUAEFrFE-300x200.jpg","resumo":""},"1047472":{"titulo":"Gr\u00eamio confirma les\u00e3o de volante, que para por at\u00e9 seis semanas","link":"https:\/\/www.futebolinterior.com.br\/gremio-confirma-lesao-de-volante-que-para-por-ate-seis-semanas\/","chapeu":"LESIONADO","data":"29\/06\/2021","imagem":"https:\/\/images.futebolinterior.com.br\/2021\/06\/thiago-santos-volante-gremio-1-300x169.jpg","resumo":"Em nota divulgada nesta ter\u00e7a-feira (29), Thiago sofreu uma les\u00e3o considerada grave na musculatura da coxa direita. "},"1047495":{"titulo":"Sem ser relacionado no Gr\u00eamio, Cortez atrai interesse de clube da S\u00e9rie A","link":"https:\/\/www.futebolinterior.com.br\/sem-ser-relacionado-no-gremio-cortez-atrai-interesse-de-clube-da-serie-a\/","chapeu":"VAI SAIR?","data":"29\/06\/2021","imagem":"https:\/\/images.futebolinterior.com.br\/2021\/06\/Captura-da-Web_29-6-2021_132034_ge.globo_.com_-300x199.jpeg","resumo":"O Bahia est\u00e1 de olho no lateral gremista que pode assinar um pr\u00e9 contrato em julho"},"1047496":{"titulo":"Astro do Atl\u00e9tico-MG derruba motociclista, em Contagem","link":"https:\/\/www.futebolinterior.com.br\/astro-do-atletico-mg-derruba-motociclista-em-contagem\/","chapeu":"QUE SUSTO","data":"29\/06\/2021","imagem":"https:\/\/images.futebolinterior.com.br\/2021\/06\/Hulk-300x229.png","resumo":"Atacante Hulk se envolveu em um acidente de tr\u00e2nsito, nesta segunda-feira. Ningu\u00e9m ficou ferido"}}