{"276977":{"titulo":"S\u00e9rie B: Vila Nova acerta empr\u00e9stimo de lateral junto ao S\u00e3o Paulo","link":"https:\/\/www.futebolinterior.com.br\/serie-b-vila-nova-acerta-emprestimo-de-lateral-junto-ao-sao-paulo\/","chapeu":"NOVA OP\u00c7\u00c3O","data":"17\/05\/2019","imagem":"https:\/\/images.futebolinterior.com.br\/2020\/11\/0002050388641_img-300x199.jpg","resumo":"Bruno Dip teve uma r\u00e1pida passagem pelo Atl\u00e9tico-GO no in\u00edcio desta temporada"},"339375":{"titulo":"Anderson Martins treina e pode refor\u00e7ar o S\u00e3o Paulo contra o Bahia","link":"https:\/\/www.futebolinterior.com.br\/anderson-martins-treina-e-pode-reforcar-o-sao-paulo-contra-o-bahia\/","chapeu":"A\u00cd SIM!","data":"17\/05\/2019","imagem":"https:\/\/images.futebolinterior.com.br\/2021\/04\/0002050388600_img-300x194.jpg","resumo":"Cuca novamente fechou o treino t\u00e1tico, e a imprensa s\u00f3 p\u00f4de acompanhar o aquecimento dos jogadores"},"339392":{"titulo":"C\u00e1ssio e Fagner comemoram convoca\u00e7\u00e3o e lamentam desfalcar o Corinthians","link":"https:\/\/www.futebolinterior.com.br\/cassio-e-fagner-comemoram-convocacao-e-lamentam-desfalcar-o-corinthians\/","chapeu":"A\u00cd SIM!","data":"17\/05\/2019","imagem":"https:\/\/images.futebolinterior.com.br\/2021\/04\/0002050388589_img-300x225.jpg","resumo":"Os 23 convocados come\u00e7ar\u00e3o a se apresentar \u00e0 sele\u00e7\u00e3o brasileira a partir da pr\u00f3xima quarta-feira"},"276987":{"titulo":"BRASILEIR\u00c3O: Palmeiras e Santos disputam a lideran\u00e7a na quinta rodada","link":"https:\/\/www.futebolinterior.com.br\/brasileirao-palmeiras-e-santos-disputam-a-lideranca-na-quinta-rodada\/","chapeu":"VAI PEGAR FOGO!","data":"17\/05\/2019","imagem":"https:\/\/images.futebolinterior.com.br\/2020\/11\/0002050388587_img-300x169.jpg","resumo":"Clubes paulistas, que se enfrentam \u00e0s 19h deste s\u00e1bado, aparecem empatados com 10 pontos "},"276985":{"titulo":"Para atender Sampaoli, Santos retoma negocia\u00e7\u00e3o com Flamengo por atacante","link":"https:\/\/www.futebolinterior.com.br\/para-atender-sampaoli-santos-retoma-negociacao-com-flamengo-por-atacante\/","chapeu":"AGORA VAI?","data":"17\/05\/2019","imagem":"https:\/\/images.futebolinterior.com.br\/2020\/11\/0002050388586_img-300x200.jpg","resumo":"Uribe perdeu muito espa\u00e7o com Abel Braga e a diretoria santista estuda sua contrata\u00e7\u00e3o em definitivo"},"339396":{"titulo":"Diretoria do S\u00e3o Paulo diz que s\u00f3 vender\u00e1 jovens por valor 'extraordin\u00e1rio'","link":"https:\/\/www.futebolinterior.com.br\/diretoria-do-sao-paulo-diz-que-so-vendera-jovens-por-valor-extraordinario\/","chapeu":"QUAL DESTINO?","data":"17\/05\/2019","imagem":"https:\/\/images.futebolinterior.com.br\/2021\/04\/0002050388578_img-300x195.jpg","resumo":"Antony, Liziero, Igor Gomes e Luan t\u00eam multa rescis\u00f3ria de 50 milh\u00f5es de euros (cerca de R$ 225 milh\u00f5es)"},"339400":{"titulo":"Treinador do S\u00e3o Paulo n\u00e3o garante volta de atacante como titular","link":"https:\/\/www.futebolinterior.com.br\/treinador-do-sao-paulo-nao-garante-volta-de-atacante-como-titular\/","chapeu":"D\u00daVIDA","data":"17\/05\/2019","imagem":"https:\/\/images.futebolinterior.com.br\/2021\/04\/0002050388576_img-300x191.jpg","resumo":"O jogador foi desfalque diante do Fortaleza por conta de uma contus\u00e3o cervical sofrida h\u00e1 duas semanas"},"276999":{"titulo":"S\u00e9rie B: Sport acerta contrata\u00e7\u00e3o de zagueiro do Brasileir\u00e3o","link":"https:\/\/www.futebolinterior.com.br\/serie-b-sport-acerta-contratacao-de-zagueiro-do-brasileirao\/","chapeu":"FECHADO","data":"17\/05\/2019","imagem":"https:\/\/images.futebolinterior.com.br\/2020\/11\/0002050388572_img-300x167.jpg","resumo":"\u00c9der n\u00e3o estava nos planos de Tiago Nunes, t\u00e9cnico do Athletico-PR, e j\u00e1 est\u00e1 em Recife"},"339416":{"titulo":"Recuperado, Gustagol \u00e9 a esperan\u00e7a do Corinthians de encerrar seca de gols","link":"https:\/\/www.futebolinterior.com.br\/recuperado-gustagol-e-a-esperanca-do-corinthians-de-encerrar-seca-de-gols\/","chapeu":"VOLTANDO!","data":"17\/05\/2019","imagem":"https:\/\/images.futebolinterior.com.br\/2021\/04\/0002050388567_img-300x188.jpg","resumo":"O Corinthians passou em branco na derrota para o Flamengo (1 a 0) pela Copa do Brasil e tamb\u00e9m no empate com o Gr\u00eamio (0 a 0)"},"339412":{"titulo":"De desconhecido a l\u00edder, zagueiro Bruno Alves vive ascens\u00e3o no S\u00e3o Paulo","link":"https:\/\/www.futebolinterior.com.br\/de-desconhecido-a-lider-zagueiro-bruno-alves-vive-ascensao-no-sao-paulo\/","chapeu":"BOA FASE!!","data":"17\/05\/2019","imagem":"https:\/\/images.futebolinterior.com.br\/2021\/04\/0002050388566_img-300x184.jpg","resumo":"No meio de 2017, ele estava livre no mercado ap\u00f3s deixar o Figueirense e foi contratado com o aval do ent\u00e3o t\u00e9cnico Dorival J\u00fanior"}}