{"276943":{"titulo":"Barroca confirma Botafogo sem ex-Ponte e diz: \"Vamos com coragem\"","link":"https:\/\/www.futebolinterior.com.br\/barroca-confirma-botafogo-sem-ex-ponte-e-diz-vamos-com-coragem\/","chapeu":"SEM MIST\u00c9RIO","data":"17\/05\/2019","imagem":"https:\/\/images.futebolinterior.com.br\/2020\/11\/0002050388693_img-300x221.jpg","resumo":"A \u00fanica mudan\u00e7a em rela\u00e7\u00e3o ao time da \u00faltima rodada \u00e9 a entrada de Alex Santana no lugar de Rodrigo Pimp\u00e3o"},"339329":{"titulo":"Montoya, Maicon e Luan s\u00e3o descartados e Gr\u00eamio viaja ao Cear\u00e1 cheio de baixas","link":"https:\/\/www.futebolinterior.com.br\/montoya-maicon-e-luan-sao-descartados-e-gremio-viaja-ao-ceara-cheio-de-baixas\/","chapeu":"DESFALCADO","data":"17\/05\/2019","imagem":"https:\/\/images.futebolinterior.com.br\/2021\/04\/0002050388679_img-300x200.jpg","resumo":"Gr\u00eamio\r\nbaixas\r\nbrasileir\u00e3o\r\n"},"339315":{"titulo":"Ney Franco aposta no 'fator casa' para Chapecoense superar Fortaleza","link":"https:\/\/www.futebolinterior.com.br\/ney-franco-aposta-no-fator-casa-para-chapecoense-superar-fortaleza\/","chapeu":"VAI QUE VAI!","data":"17\/05\/2019","imagem":"https:\/\/images.futebolinterior.com.br\/2021\/04\/0002050388686_img-300x159.jpg","resumo":"A diretoria fez uma promo\u00e7\u00e3o nos ingressos para atrair o torcedor ao est\u00e1dio"},"276961":{"titulo":"Ainda sem ex-Gr\u00eamio, Ava\u00ed ganha atacante como op\u00e7\u00e3o diante do Vasco","link":"https:\/\/www.futebolinterior.com.br\/ainda-sem-ex-gremio-avai-ganha-atacante-como-opcao-diante-do-vasco\/","chapeu":"BOM E RUIM","data":"17\/05\/2019","imagem":"https:\/\/images.futebolinterior.com.br\/2020\/11\/0002050388665_img-300x237.jpg","resumo":"Douglas voltou aos treinos, mas n\u00e3o ser\u00e1 utilizado neste domingo, enquanto Brenner teve seu nome publicado no BID"},"339335":{"titulo":"Lucas Ver\u00edssimo diz que cl\u00e1ssico ser\u00e1 importante para Santos: 'Vamos entrar 100%'","link":"https:\/\/www.futebolinterior.com.br\/lucas-verissimo-diz-que-classico-sera-importante-para-santos-vamos-entrar-100\/","chapeu":"FOR\u00c7A M\u00c1XIMA","data":"17\/05\/2019","imagem":"https:\/\/images.futebolinterior.com.br\/2021\/04\/0002050388664_img-300x169.jpg","resumo":"\"Vamos mostrar quais s\u00e3o nossas pretens\u00f5es no Brasileir\u00e3o\", disse o jogador"},"276963":{"titulo":"Com desfalques, CSA enfrenta Internacional pela primeira vez no Brasileir\u00e3o","link":"https:\/\/www.futebolinterior.com.br\/com-desfalques-csa-enfrenta-internacional-pela-primeira-vez-no-brasileirao\/","chapeu":"IN\u00c9DITO!","data":"17\/05\/2019","imagem":"https:\/\/images.futebolinterior.com.br\/2020\/11\/0002050388661_img-300x200.jpg","resumo":"Os times s\u00f3 se enfrentaram duas vezes na hist\u00f3ria, pela Copa do Brasil"},"339341":{"titulo":"Mois\u00e9s afirma que jogo com o Santos vai trazer 'desgaste mental' ao Palmeiras","link":"https:\/\/www.futebolinterior.com.br\/moises-afirma-que-jogo-com-o-santos-vai-trazer-desgaste-mental-ao-palmeiras\/","chapeu":"VAI PESAR","data":"17\/05\/2019","imagem":"https:\/\/images.futebolinterior.com.br\/2021\/04\/0002050388657_img-300x169.png","resumo":"A partida \u00e9 um confronto direto pela lideran\u00e7a, Palmeiras e Santos t\u00eam dez pontos"},"339345":{"titulo":"Nino admite inc\u00f4modo no Fluminense com a 15\u00aa coloca\u00e7\u00e3o no Campeonato Brasileiro","link":"https:\/\/www.futebolinterior.com.br\/nino-admite-incomodo-no-fluminense-com-a-15a-colocacao-no-campeonato-brasileiro\/","chapeu":"ALERTA","data":"17\/05\/2019","imagem":"https:\/\/images.futebolinterior.com.br\/2021\/04\/0002050388656_img-300x228.jpg","resumo":"\"Sabemos que o come\u00e7o n\u00e3o est\u00e1 sendo bom, mesmo com boas atua\u00e7\u00f5es\", disse o jogador"},"339359":{"titulo":"Mano fecha treino e faz mist\u00e9rio no Cruzeiro para novo jogo contra o Flu","link":"https:\/\/www.futebolinterior.com.br\/mano-fecha-treino-e-faz-misterio-no-cruzeiro-para-novo-jogo-contra-o-flu\/","chapeu":"D\u00daVIDAS","data":"17\/05\/2019","imagem":"https:\/\/images.futebolinterior.com.br\/2021\/04\/0002050388639_img-300x197.jpg","resumo":"Debaixo de forte chuva, Mano comandou atividade no CT do Flamengo, na G\u00e1vea"},"339363":{"titulo":"Antony pede para defender sele\u00e7\u00e3o ol\u00edmpica e Cuca cobra CBF","link":"https:\/\/www.futebolinterior.com.br\/antony-pede-para-defender-selecao-olimpica-e-cuca-cobra-cbf\/","chapeu":"VAI PRA SELE\u00c7\u00c3O","data":"17\/05\/2019","imagem":"https:\/\/images.futebolinterior.com.br\/2021\/04\/0002050388637_img-300x191.jpg","resumo":"\"L\u00f3gico que voc\u00ea vai. A gente quer que ocorra com coer\u00eancia, que todos os convocados v\u00e3o\", disse Cuca"}}