{"335678":{"titulo":"Chapa com advogado que 'rebaixou' Lusa e 'homem-forte da Unimed' vence elei\u00e7\u00e3o no Flu","link":"https:\/\/www.futebolinterior.com.br\/chapa-com-advogado-que-rebaixou-lusa-e-homem-forte-da-unimed-vence-eleicao-no-flu\/","chapeu":"ELES VOLTARAM!!","data":"08\/06\/2019","imagem":"https:\/\/images.futebolinterior.com.br\/2021\/04\/0002050394060_img-300x162.jpg","resumo":"O advogado M\u00e1rio Bittencourt \u00e9 o novo presidente tricolor, enquanto Celso Barros ser\u00e1 o vice geral"},"335688":{"titulo":"Gr\u00eamio 1 x 0 Fortaleza - Vit\u00f3ria sofrida tira Gr\u00eamio da degola","link":"https:\/\/www.futebolinterior.com.br\/gremio-1-x-0-fortaleza-vitoria-sofrida-tira-gremio-da-degola\/","chapeu":"EM CAXIAS","data":"08\/06\/2019","imagem":"https:\/\/images.futebolinterior.com.br\/2021\/04\/0002050394031_img-300x200.jpg","resumo":"Gr\u00eamio sofre para bater o Fortaleza com gol aos 44 do segundo tempo de Pep\u00ea"},"335690":{"titulo":"Autor do gol da vit\u00f3ria, Pep\u00ea espera um novo momento no Gr\u00eamio","link":"https:\/\/www.futebolinterior.com.br\/autor-do-gol-da-vitoria-pepe-espera-um-novo-momento-no-gremio\/","chapeu":"AL\u00cdVIO","data":"08\/06\/2019","imagem":"https:\/\/images.futebolinterior.com.br\/2021\/04\/0002050394024_img-300x200.jpg","resumo":"Jovem marcu o gol da vit\u00f3ria aos 44 minutos do segundo tempo e tirou time da zona de rebaixamento"},"335684":{"titulo":"Cear\u00e1 0 x 0 Bahia - \u00c9 o Tricolor no G4 do Brasileir\u00e3o, rapa!","link":"https:\/\/www.futebolinterior.com.br\/ceara-0-x-0-bahia-e-o-tricolor-no-g4-do-brasileirao-rapa\/","chapeu":"TUDO IGUAL","data":"08\/06\/2019","imagem":"https:\/\/images.futebolinterior.com.br\/2021\/04\/0002050394025_img-300x190.jpg","resumo":"Ponto garante Tricolor entre os melhores do torneio neste s\u00e1bado"},"335703":{"titulo":"Goleiro do Palmeiras comemora boa atua\u00e7\u00e3o contra ex-clube","link":"https:\/\/www.futebolinterior.com.br\/goleiro-do-palmeiras-comemora-boa-atuacao-contra-ex-clube\/","chapeu":"FELIZ DA VIDA","data":"08\/06\/2019","imagem":"https:\/\/images.futebolinterior.com.br\/2021\/04\/0002050394021_img-300x171.jpg","resumo":"Weverton tamb\u00e9m destacou o fato do Verd\u00e3o n\u00e3o sofrer gols em mais uma partida"},"275395":{"titulo":"Cruzeiro lamenta empata com Corinthians, mas valoriza desempenho","link":"https:\/\/www.futebolinterior.com.br\/cruzeiro-lamenta-empata-com-corinthians-mas-valoriza-desempenho\/","chapeu":"AN\u00c1LISE!","data":"08\/06\/2019","imagem":"https:\/\/images.futebolinterior.com.br\/2020\/11\/0002050394004_img-300x200.jpg","resumo":"\u201c\u00c0s vezes, a gente precisa de um pouco de sorte. Infelizmente, hoje, a gente n\u00e3o teve\u201d, afirmou o volante Ariel Cabral"},"335694":{"titulo":"Cruzeiro 0 x 0 Corinthians - Walter segura empate para um Tim\u00e3o recheado de reservas","link":"https:\/\/www.futebolinterior.com.br\/cruzeiro-0-x-0-corinthians-walter-segura-empate-para-um-timao-recheado-de-reservas\/","chapeu":"TUDO IGUAL!","data":"08\/06\/2019","imagem":"https:\/\/images.futebolinterior.com.br\/2021\/04\/0002050394023_img-300x148.jpg","resumo":"Com o resultado, os donos da casa ficam na d\u00e9cima quarta coloca\u00e7\u00e3o, com oito pontos, enquanto os visitantes est\u00e3o em nono, com 12"},"335708":{"titulo":"Felip\u00e3o comemora excelente campanha do Palmeiras no in\u00edcio do Brasileir\u00e3o","link":"https:\/\/www.futebolinterior.com.br\/felipao-comemora-excelente-campanha-do-palmeiras-no-inicio-do-brasileirao\/","chapeu":"SATISFEITO!","data":"08\/06\/2019","imagem":"https:\/\/images.futebolinterior.com.br\/2021\/04\/0002050393937_img-300x169.jpg","resumo":"\"O aproveitamento de pontos est\u00e1 muito bom. Estamos com um ou dois pontos melhor do que hav\u00edamos planejado\", disse o t\u00e9cnico"},"275406":{"titulo":"S\u00e9rie B: Crici\u00fama encaminha acerto com meia de time do Brasileir\u00e3o","link":"https:\/\/www.futebolinterior.com.br\/serie-b-criciuma-encaminha-acerto-com-meia-de-time-do-brasileirao\/","chapeu":"QUASE CERTO","data":"08\/06\/2019","imagem":"https:\/\/images.futebolinterior.com.br\/2020\/11\/0002050393904_img-300x184.jpg","resumo":"Vini Locatelli n\u00e3o est\u00e1 sendo utilizado pela Chapecoense e seria emprestado at\u00e9 o fim do ano"},"335747":{"titulo":"Soteldo \u00e9 convocado pela Venezuela para Copa Am\u00e9rica, mas n\u00e3o desfalca o Santos","link":"https:\/\/www.futebolinterior.com.br\/soteldo-e-convocado-pela-venezuela-para-copa-america-mas-nao-desfalca-o-santos\/","chapeu":"DESFALQUE?","data":"08\/06\/2019","imagem":"https:\/\/images.futebolinterior.com.br\/2021\/04\/0002050393890_img-300x199.jpg","resumo":"O jogador s\u00f3 vai se apresentar a Dudamel na quinta-feira, no dia seguinte ao duelo do clube na Vila Belmiro contra o Corinthians"}}