{"335654":{"titulo":"Vit\u00f3ria n\u00e3o empolga treinador do Gr\u00eamio, que avisa: \"Tem que parar a oscila\u00e7\u00e3o\"","link":"https:\/\/www.futebolinterior.com.br\/vitoria-nao-empolga-treinador-do-gremio-que-avisa-tem-que-parar-a-oscilacao\/","chapeu":"CALMA L\u00c1","data":"09\/06\/2019","imagem":"https:\/\/images.futebolinterior.com.br\/2021\/04\/0002050394077_img-300x198.jpg","resumo":"Na noite do \u00faltimo s\u00e1bado, o Imortal enfrentou o Fortaleza em Caxias do Sul e ganhou com um gol no finalzinho"},"275386":{"titulo":"Goi\u00e1s busca emplacar terceira vit\u00f3ria seguida em casa no Brasileir\u00e3o","link":"https:\/\/www.futebolinterior.com.br\/goias-busca-emplacar-terceira-vitoria-seguida-em-casa-no-brasileirao\/","chapeu":"SER\u00c1?","data":"09\/06\/2019","imagem":"https:\/\/images.futebolinterior.com.br\/2020\/11\/0002050394075_img-300x183.jpg","resumo":"O t\u00e9cnico Claudinei Oliveira vai ter a volta do volante L\u00e9o Sena diante da Chapecoense"},"335660":{"titulo":"Treinador do Corinthians destaca estreias de zagueiro e atacante em empate","link":"https:\/\/www.futebolinterior.com.br\/treinador-do-corinthians-destaca-estreias-de-zagueiro-e-atacante-em-empate\/","chapeu":"APROVADOS","data":"09\/06\/2019","imagem":"https:\/\/images.futebolinterior.com.br\/2021\/04\/0002050394073_img-300x199.jpg","resumo":"Bruno M\u00e9ndez e Everaldo entraram no decorrer do jogo contra o Cruzeiro no \u00faltimo s\u00e1bado"},"335662":{"titulo":"Atacante sai em defesa do \"futebol feio\" apresentado pelo Palmeiras","link":"https:\/\/www.futebolinterior.com.br\/atacante-sai-em-defesa-do-futebol-feio-apresentado-pelo-palmeiras\/","chapeu":"T\u00c1 BOM","data":"09\/06\/2019","imagem":"https:\/\/images.futebolinterior.com.br\/2021\/04\/0002050394072_img-300x195.jpg","resumo":"Deyverson disse que prefere dar chut\u00e3o e conquistar os tr\u00eas pontos do que mostrar um bom futebol"},"335664":{"titulo":"Treinador diz que S\u00e3o Paulo n\u00e3o jogou mal ap\u00f3s novo trope\u00e7o","link":"https:\/\/www.futebolinterior.com.br\/treinador-diz-que-sao-paulo-nao-jogou-mal-apos-novo-tropeco\/","chapeu":"COMO ASSIM?","data":"09\/06\/2019","imagem":"https:\/\/images.futebolinterior.com.br\/2021\/04\/0002050394071_img-300x188.jpg","resumo":"Cuca tamb\u00e9m acredita que alguns jogadores est\u00e3o se sentindo pressionados pelos torcedores"},"335666":{"titulo":"S\u00e3o Paulo ganha dois problemas para jogo contra o Atl\u00e9tico-MG","link":"https:\/\/www.futebolinterior.com.br\/sao-paulo-ganha-dois-problemas-para-jogo-contra-o-atletico-mg\/","chapeu":"QUE ZICA","data":"09\/06\/2019","imagem":"https:\/\/images.futebolinterior.com.br\/2021\/04\/0002050394070_img-300x188.jpg","resumo":"O volante Tch\u00ea Tch\u00ea recebeu o terceiro cart\u00e3o amarelo, enquanto o meia Everton sentiu uma les\u00e3o muscular na coxa"},"335668":{"titulo":"Na mira da Chapecoense, atacante do Santos vai para o futebol mexicano","link":"https:\/\/www.futebolinterior.com.br\/na-mira-da-chapecoense-atacante-do-santos-vai-para-o-futebol-mexicano\/","chapeu":"BYE BYE","data":"09\/06\/2019","imagem":"https:\/\/images.futebolinterior.com.br\/2021\/04\/0002050394069_img-300x162.jpg","resumo":"Copete n\u00e3o vinha sendo aproveitado pelo t\u00e9cnico Jorge Sampaoli e o empr\u00e9stimo tem dura\u00e7\u00e3o de um ano"},"335672":{"titulo":"Ava\u00ed 0 x 0 S\u00e3o Paulo - Tricolor empata com lanterna e completa sexto jogo sem vencer","link":"https:\/\/www.futebolinterior.com.br\/avai-0-x-0-sao-paulo-tricolor-empata-com-lanterna-e-completa-sexto-jogo-sem-vencer\/","chapeu":"M\u00c1 FASE","data":"08\/06\/2019","imagem":0,"resumo":"O resultado fez o S\u00e3o Paulo superar seu maior jejum de vit\u00f3rias nesta temporada: chegou a seis jogos sem ganhar"},"335670":{"titulo":"PLACAR FI: Confira TODOS os resultados dos jogos deste S\u00c1BADO!","link":"https:\/\/www.futebolinterior.com.br\/placar-fi-confira-todos-os-resultados-dos-jogos-deste-sabado-13\/","chapeu":"GIRO DO DIA","data":"08\/06\/2019","imagem":"https:\/\/images.futebolinterior.com.br\/2021\/04\/0002050394066_img-300x169.jpg","resumo":"A lista inclui as vit\u00f3rias de Gr\u00eamio e Palmeiras, al\u00e9m das Eliminat\u00f3rias para a Eurocopa e, claro, a Copa do Mundo Feminina"},"335682":{"titulo":"BRASILEIR\u00c3O: Em dia de poucos gols, Palmeiras vence e segue firme na lideran\u00e7a","link":"https:\/\/www.futebolinterior.com.br\/brasileirao-em-dia-de-poucos-gols-palmeiras-vence-e-segue-firme-na-lideranca\/","chapeu":"MORNO!","data":"08\/06\/2019","imagem":"https:\/\/images.futebolinterior.com.br\/2021\/04\/0002050394047_img-300x161.jpg","resumo":"Organizada pela Confedera\u00e7\u00e3o Brasileira de Futebol (CBF), a competi\u00e7\u00e3o tem cobertura completa pelo Portal Futebol Interior"}}