{"394508":{"titulo":"Santos x Cruzeiro - Clubes buscam vit\u00f3ria para n\u00e3o deixarem l\u00edderes escaparem","link":"https:\/\/www.futebolinterior.com.br\/santos-x-cruzeiro-clubes-buscam-vitoria-para-nao-deixarem-lideres-escaparem\/","chapeu":"NA CA\u00c7A","data":"26\/05\/2018","imagem":"https:\/\/images.futebolinterior.com.br\/2021\/04\/0002050316103_img-300x200.jpg","resumo":"Dividindo aten\u00e7\u00e3o com a Libertadores, Peixe e Raposa n\u00e3o fizeram um bom in\u00edcio de competi\u00e7\u00e3o e precisam reagir"},"394504":{"titulo":"Z\u00e9 Ricardo tem 12 desfalques no Vasco, mas conta com retorno de Giovani Augusto","link":"https:\/\/www.futebolinterior.com.br\/ze-ricardo-tem-12-desfalques-no-vasco-mas-conta-com-retorno-de-giovani-augusto\/","chapeu":"DE VOLTA","data":"26\/05\/2018","imagem":"https:\/\/images.futebolinterior.com.br\/2021\/04\/0002050316106_img-300x159.jpg","resumo":"O time carioca enfrenta o Bahia, neste domingo, \u00e0s 16 horas, na Fonte Nova"},"394506":{"titulo":"Rodriguinho desfalca Corinthians e Roger deve jogar contra o Inter","link":"https:\/\/www.futebolinterior.com.br\/rodriguinho-desfalca-corinthians-e-roger-deve-jogar-contra-o-inter\/","chapeu":"MUDAN\u00c7AS","data":"26\/05\/2018","imagem":"https:\/\/images.futebolinterior.com.br\/2021\/04\/0002050316105_img-300x200.jpg","resumo":"O t\u00e9cnico Osmar Loss divulgou neste s\u00e1bado a lista de relacionados do Corinthians para a partida de domingo, \u00e0s 16 horas, contra o Internacional, em Porto Alegre"},"394510":{"titulo":"Botafogo x Vit\u00f3ria - Invicto em casa, Fog\u00e3o recebe advers\u00e1rio embalado","link":"https:\/\/www.futebolinterior.com.br\/botafogo-x-vitoria-invicto-em-casa-fogao-recebe-adversario-embalado\/","chapeu":"JOG\u00c3O","data":"26\/05\/2018","imagem":"https:\/\/images.futebolinterior.com.br\/2021\/04\/0002050316101_img-300x140.jpg","resumo":"O clube carioca empatou com o Palmeiras e bateu Gr\u00eamio e Fluminense atuando no est\u00e1dio Nilton Santos"},"394528":{"titulo":"Bahia x Vasco - Cariocas buscam revanche da Copa do Brasil","link":"https:\/\/www.futebolinterior.com.br\/bahia-x-vasco-cariocas-buscam-revanche-da-copa-do-brasil\/","chapeu":"MACHUCADO","data":"26\/05\/2018","imagem":"https:\/\/images.futebolinterior.com.br\/2021\/04\/0002050316097_img-300x200.jpg","resumo":"H\u00e1 cerca de duas semanas, os times atuaram pelo jogo de ida das oitavas de final da Copa do Brasil, que terminou com triunfo dos baianos por 3 a 0"},"394526":{"titulo":"Hoje no Sport, Rafael Marques \u00e9 o terceiro maior artilheiro do Allianz Parque","link":"https:\/\/www.futebolinterior.com.br\/hoje-no-sport-rafael-marques-e-o-terceiro-maior-artilheiro-do-allianz-parque\/","chapeu":"OLHO NELE","data":"26\/05\/2018","imagem":"https:\/\/images.futebolinterior.com.br\/2021\/04\/0002050316098_img-300x206.jpg","resumo":"O experiente jogador tem 12 gols no est\u00e1dio do Palmeiras, atr\u00e1s apenas de Dudu e Borja"},"394520":{"titulo":"Cear\u00e1 acerta contrata\u00e7\u00e3o do volante Fabinho junto ao Internacional","link":"https:\/\/www.futebolinterior.com.br\/ceara-acerta-contratacao-do-volante-fabinho-junto-ao-internacional\/","chapeu":"CARA NOVA","data":"26\/05\/2018","imagem":"https:\/\/images.futebolinterior.com.br\/2021\/04\/0002050316096_img-300x177.jpg","resumo":"O novo refor\u00e7o alvinegro tamb\u00e9m pode atuar na lateral direita"},"394524":{"titulo":"Am\u00e9rica-MG x S\u00e3o Paulo - \u00danico invicto, Tricolor quer encostar nos l\u00edderes","link":"https:\/\/www.futebolinterior.com.br\/america-mg-x-sao-paulo-unico-invicto-tricolor-quer-encostar-nos-lideres\/","chapeu":"EMBALADO","data":"26\/05\/2018","imagem":"https:\/\/images.futebolinterior.com.br\/2021\/04\/0002050316094_img-300x193.jpg","resumo":"Os dois times est\u00e3o empatados com dez pontos na tabela de classifica\u00e7\u00e3o do Brasileir\u00e3o"},"289471":{"titulo":"Internacional x Corinthians - Mais um cap\u00edtulo para o DVD?","link":"https:\/\/www.futebolinterior.com.br\/internacional-x-corinthians-mais-um-capitulo-para-o-dvd-2\/","chapeu":"P\u00d5E NA CONTA!","data":"26\/05\/2018","imagem":"https:\/\/images.futebolinterior.com.br\/2020\/11\/0002050364915_img-300x213.jpg","resumo":"\u200bA grande rivalidade entre os times come\u00e7ou em 2005 e desde ent\u00e3o os confrontos s\u00e3o marcados por pol\u00eamicas"},"394534":{"titulo":"Cear\u00e1 x Gr\u00eamio - Ser\u00e1 que a culpa era do treinador?","link":"https:\/\/www.futebolinterior.com.br\/ceara-x-gremio-sera-que-a-culpa-era-do-treinador\/","chapeu":"VIDA NOVA","data":"26\/05\/2018","imagem":"https:\/\/images.futebolinterior.com.br\/2021\/04\/0002050316089_img-300x202.jpg","resumo":"Contratado para o lugar de Marcelo Chamusca, Jorginho faz sua estreia neste domingo "}}