{"394070":{"titulo":"Ap\u00f3s derrota para para o S\u00e3o Paulo, Am\u00e9rica-MG j\u00e1 foca no Corinthians","link":"https:\/\/www.futebolinterior.com.br\/apos-derrota-para-para-o-sao-paulo-america-mg-ja-foca-no-corinthians\/","chapeu":"P\u00c1GINA VIRADA!!","data":"28\/05\/2018","imagem":"https:\/\/images.futebolinterior.com.br\/2021\/04\/0002050316601_img-300x225.jpg","resumo":"Time americano encara o clube de Itaquera, \u00e0s 18h desta quinta-feira, na Arena Corinthians"},"394076":{"titulo":"Internacional pode perder zagueiro para o Boca Juniors na sequ\u00eancia da temporada","link":"https:\/\/www.futebolinterior.com.br\/internacional-pode-perder-zagueiro-para-o-boca-juniors-na-sequencia-da-temporada\/","chapeu":"INDO EMBORA","data":"28\/05\/2018","imagem":"https:\/\/images.futebolinterior.com.br\/2021\/04\/0002050316598_img-300x169.jpg","resumo":"Segundo o jornal argentino Ol\u00e9, falta apenas a diretoria Colorada aceitar o acordo para Victor Cuesta ir para Buenos Aires "},"394082":{"titulo":"Recuperado de les\u00e3o, Par\u00e1 volta aos treinamentos no Flamengo","link":"https:\/\/www.futebolinterior.com.br\/recuperado-de-lesao-para-volta-aos-treinamentos-no-flamengo\/","chapeu":"BOA NOT\u00cdCIA","data":"28\/05\/2018","imagem":"https:\/\/images.futebolinterior.com.br\/2021\/04\/0002050316597_img-300x169.jpg","resumo":"O jogador ficou duas semanas afastado dos gramados por conta de uma contus\u00e3o muscular"},"394087":{"titulo":"\u00cddolo alvinegro, ex-lateral cobra presidente do Santos nas redes sociais","link":"https:\/\/www.futebolinterior.com.br\/idolo-alvinegro-ex-lateral-cobra-presidente-do-santos-nas-redes-sociais\/","chapeu":"FALOU GROSSO!","data":"28\/05\/2018","imagem":"https:\/\/images.futebolinterior.com.br\/2021\/04\/0002050316595_img-300x277.png","resumo":"\"Por gentileza, retorne ao Brasil assim que desembarcar em Londres\", postou L\u00e9o"},"394080":{"titulo":"Novo capit\u00e3o do Inter, Dourado exalta bom ambiente ap\u00f3s rea\u00e7\u00e3o na temporada","link":"https:\/\/www.futebolinterior.com.br\/novo-capitao-do-inter-dourado-exalta-bom-ambiente-apos-reacao-na-temporada\/","chapeu":"FALA, FERA!","data":"28\/05\/2018","imagem":"https:\/\/images.futebolinterior.com.br\/2021\/04\/0002050316590_img-300x147.jpg","resumo":"Volante assumiu a bra\u00e7adeira colorada em raz\u00e3o da les\u00e3o e das suspens\u00f5es do meia D'Alessandro"},"394084":{"titulo":"Jadson defende Mantuan no Corinthians: 'Todos j\u00e1 erraram'","link":"https:\/\/www.futebolinterior.com.br\/jadson-defende-mantuan-no-corinthians-todos-ja-erraram\/","chapeu":"FAZ PARTE!","data":"28\/05\/2018","imagem":"https:\/\/images.futebolinterior.com.br\/2021\/04\/0002050316591_img-300x225.jpg","resumo":"O garoto deixou o gramado do Beira-Rio aos prantos e os jogadores corintianos foram apoi\u00e1-lo."},"394095":{"titulo":"Guerra vai passar por cirurgia e desfalcar\u00e1 Palmeiras por tr\u00eas meses","link":"https:\/\/www.futebolinterior.com.br\/guerra-vai-passar-por-cirurgia-e-desfalcara-palmeiras-por-tres-meses\/","chapeu":"VISH","data":"28\/05\/2018","imagem":"https:\/\/images.futebolinterior.com.br\/2021\/04\/0002050316587_img-300x193.jpg","resumo":". O jogador teve les\u00e3o constatada nesta segunda-feira e o clube decidiu pela cirurgia no p\u00e9 esquerdo do venezuelano"},"394091":{"titulo":"Ap\u00f3s 'desencantar' pelo Cruzeiro, Bruno Silva garante: 'A m\u00e1 fase acabou'","link":"https:\/\/www.futebolinterior.com.br\/apos-desencantar-pelo-cruzeiro-bruno-silva-garante-a-ma-fase-acabou\/","chapeu":"CONTENTE!","data":"28\/05\/2018","imagem":"https:\/\/images.futebolinterior.com.br\/2021\/04\/0002050316586_img-300x200.jpg","resumo":"Ap\u00f3s ser um dos destaques do Botafogo em 2017, volante foi uma das principais contrata\u00e7\u00f5es da Raposa para a temporada"},"394089":{"titulo":"Fernando Miguel pede equil\u00edbrio em campo para o Vasco se recuperar no Brasileir\u00e3o","link":"https:\/\/www.futebolinterior.com.br\/fernando-miguel-pede-equilibrio-em-campo-para-o-vasco-se-recuperar-no-brasileirao\/","chapeu":"EST\u00c1 NA HORA!","data":"28\/05\/2018","imagem":"https:\/\/images.futebolinterior.com.br\/2021\/04\/0002050316585_img-300x200.jpg","resumo":"Os jogadores se reapresentaram nesta segunda-feira, em S\u00e3o Janu\u00e1rio, e querem a reabilita\u00e7\u00e3o nesta quarta contra o Paran\u00e1"},"394124":{"titulo":"J. Hawilla - Amigo n\u00e3o tem Defeito","link":"https:\/\/www.futebolinterior.com.br\/j-hawilla-amigo-nao-tem-defeito\/","chapeu":"CR\u00d4NICA","data":"28\/05\/2018","imagem":"https:\/\/images.futebolinterior.com.br\/2021\/04\/0002050316562_img.jpg","resumo":"Fiquei triste pela morte de um amigo e de uma figura importante na minha evolu\u00e7\u00e3o profissional. "}}