{"394001":{"titulo":"De volta \u00e0s primeiras posi\u00e7\u00f5es do Brasileir\u00e3o, S\u00e3o Paulo j\u00e1 sonha com o topo","link":"https:\/\/www.futebolinterior.com.br\/de-volta-as-primeiras-posicoes-do-brasileirao-sao-paulo-ja-sonha-com-o-topo\/","chapeu":"CONFIANTE","data":"29\/05\/2018","imagem":"https:\/\/images.futebolinterior.com.br\/2021\/04\/0002050316688_img-300x201.jpg","resumo":"A vit\u00f3ria por 3 a 1 sobre o Am\u00e9rica-MG, no \u00faltimo domingo, em Belo Horizonte, fez o S\u00e3o Paulo alcan\u00e7ar uma posi\u00e7\u00e3o in\u00e9dita nas \u00faltimas tr\u00eas temporadas do Campeonato Brasileiro"},"394007":{"titulo":"Time de Carille na Ar\u00e1bia Saudita contrata destaque do Atl\u00e9tico-MG","link":"https:\/\/www.futebolinterior.com.br\/time-de-carille-na-arabia-saudita-contrata-destaque-do-atletico-mg\/","chapeu":"ADEUS!","data":"28\/05\/2018","imagem":"https:\/\/images.futebolinterior.com.br\/2021\/04\/0002050316683_img-300x200.jpg","resumo":"R\u00f3mulo Otero vai ser emprestado por um ano pelo clube mineiro ao Al Wehda"},"394017":{"titulo":"Victor Ferraz inicia transi\u00e7\u00e3o, mas n\u00e3o deve voltar ao Santos na quinta","link":"https:\/\/www.futebolinterior.com.br\/victor-ferraz-inicia-transicao-mas-nao-deve-voltar-ao-santos-na-quinta\/","chapeu":"UFA","data":"28\/05\/2018","imagem":"https:\/\/images.futebolinterior.com.br\/2021\/04\/0002050316675_img-300x200.jpg","resumo":"O jogador vinha desfalcando o Peixe, nas duas \u00faltimas partidas, em raz\u00e3o de dores nas costas"},"394032":{"titulo":"Atl\u00e9tico de Madrid pode pagar bolada para contratar contestado meia do S\u00e3o Paulo","link":"https:\/\/www.futebolinterior.com.br\/atletico-de-madrid-pode-pagar-bolada-para-contratar-contestado-meia-do-sao-paulo\/","chapeu":"BOMBA!","data":"28\/05\/2018","imagem":"https:\/\/images.futebolinterior.com.br\/2021\/04\/0002050316679_img-300x186.jpg","resumo":"Diretoria do clube espanhol estaria disposta a investir 78 milh\u00f5es de reais (18 milh\u00f5es de euros) no peruano Cueva"},"394052":{"titulo":"Luan volta a treinar e deve refor\u00e7ar o Gr\u00eamio contra o Fluminense","link":"https:\/\/www.futebolinterior.com.br\/luan-volta-a-treinar-e-deve-reforcar-o-gremio-contra-o-fluminense\/","chapeu":"COM TUDO","data":"28\/05\/2018","imagem":"https:\/\/images.futebolinterior.com.br\/2021\/04\/0002050316616_img-300x200.jpg","resumo":"Ele participou normalmente da atividade com bola que contou somente com os jogadores que permaneceram em Porto Alegre no fim de semana"},"394058":{"titulo":"Atl\u00e9tico-MG inicia prepara\u00e7\u00e3o para encarar o Sport com Ricardo Oliveira em campo","link":"https:\/\/www.futebolinterior.com.br\/atletico-mg-inicia-preparacao-para-encarar-o-sport-com-ricardo-oliveira-em-campo\/","chapeu":"COM TUDO","data":"28\/05\/2018","imagem":"https:\/\/images.futebolinterior.com.br\/2021\/04\/0002050316614_img-300x200.jpg","resumo":"Sua aus\u00eancia foi bastante sentida, uma vez que o Flamengo saiu vitorioso, por 1 a 0"},"394056":{"titulo":"Aguirre estuda op\u00e7\u00f5es para suprir desfalques do S\u00e3o Paulo contra o Botafogo","link":"https:\/\/www.futebolinterior.com.br\/aguirre-estuda-opcoes-para-suprir-desfalques-do-sao-paulo-contra-o-botafogo\/","chapeu":"QUEM JOGA?","data":"28\/05\/2018","imagem":"https:\/\/images.futebolinterior.com.br\/2021\/04\/0002050316613_img-300x187.jpg","resumo":"Recuperado de uma entorse no p\u00e9 esquerdo, o atacante Morato treinou normalmente no gramado do CT da Barra Funda"},"394060":{"titulo":"S\u00e9rie B: Crici\u00fama contrata volantes de Fluminense e Atl\u00e9tico-MG","link":"https:\/\/www.futebolinterior.com.br\/serie-b-criciuma-contrata-volantes-de-fluminense-e-atletico-mg\/","chapeu":"CHEGARAM","data":"28\/05\/2018","imagem":"https:\/\/images.futebolinterior.com.br\/2021\/04\/0002050316607_img-300x201.jpg","resumo":"A diretoria tricolor ainda espera anunciar mais alguns nomes ao longo da semana"},"394065":{"titulo":"Kieza prev\u00ea dificuldades para Botafogo contra S\u00e3o Paulo: 'Temos de marcar forte'","link":"https:\/\/www.futebolinterior.com.br\/kieza-preve-dificuldades-para-botafogo-contra-sao-paulo-temos-de-marcar-forte\/","chapeu":"CONFIANTE?","data":"28\/05\/2018","imagem":"https:\/\/images.futebolinterior.com.br\/2021\/04\/0002050316605_img-300x300.jpg","resumo":"O time tricolor \u00e9 o \u00fanico invicto na competi\u00e7\u00e3o e chegou ao quarto lugar com o triunfo sobre o Am\u00e9rica-MG, em Belo Horizonte"},"394068":{"titulo":"Com v\u00e1rias promo\u00e7\u00f5es, Atl\u00e9tico-MG abre venda de ingressos para jogos pr\u00e9-Copa","link":"https:\/\/www.futebolinterior.com.br\/com-varias-promocoes-atletico-mg-abre-venda-de-ingressos-para-jogos-pre-copa\/","chapeu":"A\u00cd SIM","data":"28\/05\/2018","imagem":"https:\/\/images.futebolinterior.com.br\/2021\/04\/0002050316604_img-300x200.jpg","resumo":"O Galo come\u00e7ou a vender bilhetes para jogos contra Chapecoense, Fluminense e Cear\u00e1"}}