{"360609":{"titulo":"Des\u00e1bato promete 'deixar a vida em campo' para livrar Vasco do rebaixamento","link":"https:\/\/www.futebolinterior.com.br\/desabato-promete-deixar-a-vida-em-campo-para-livrar-vasco-do-rebaixamento\/","chapeu":"RA\u00c7UDO","data":"24\/10\/2018","imagem":"https:\/\/images.futebolinterior.com.br\/2021\/04\/0002050350160_img-300x178.jpg","resumo":"O volante retornou na \u00faltima rodada ap\u00f3s passar seis jogos afastado por les\u00e3o"},"360611":{"titulo":"Jadson deixa treino com dores e nova forma\u00e7\u00e3o \u00e9 testada no Corinthians","link":"https:\/\/www.futebolinterior.com.br\/jadson-deixa-treino-com-dores-e-nova-formacao-e-testada-no-corinthians\/","chapeu":"NOVIDADES","data":"24\/10\/2018","imagem":"https:\/\/images.futebolinterior.com.br\/2021\/04\/0002050350158_img-300x200.jpg","resumo":"O t\u00e9cnico Jair Ventura escalou o ataque com o paraguaio Sergio D\u00edaz e o experiente Danilo"},"360618":{"titulo":"Jean agradece a Aguirre por sequ\u00eancia como titular no S\u00e3o Paulo","link":"https:\/\/www.futebolinterior.com.br\/jean-agradece-a-aguirre-por-sequencia-como-titular-no-sao-paulo\/","chapeu":"VALEU!","data":"24\/10\/2018","imagem":"https:\/\/images.futebolinterior.com.br\/2021\/04\/0002050350157_img-300x193.jpg","resumo":"O goleiro disputou 11 partidas at\u00e9 aqui, incluindo a derrota para o Internacional (3 a 1) e o empate com o Atl\u00e9tico-PR (0 a 0)"},"360626":{"titulo":"Felip\u00e3o ser\u00e1 julgado e pode ser baixa do Palmeiras contra o Flamengo","link":"https:\/\/www.futebolinterior.com.br\/felipao-sera-julgado-e-pode-ser-baixa-do-palmeiras-contra-o-flamengo\/","chapeu":"IHHH...","data":"24\/10\/2018","imagem":"https:\/\/images.futebolinterior.com.br\/2021\/04\/0002050350127_img-300x146.jpg","resumo":"Caso do t\u00e9cnico palmeirense foi enquadrado no artigo 243 (incitar publicamente o \u00f3dio ou a viol\u00eancia)"},"360630":{"titulo":"Destaque da S\u00e9rie B, Renato Kayzer se diz \"ansioso\" por chance no Cruzeiro","link":"https:\/\/www.futebolinterior.com.br\/destaque-da-serie-b-renato-kayzer-se-diz-ansioso-por-chance-no-cruzeiro\/","chapeu":"NA EXPECTATIVA","data":"24\/10\/2018","imagem":"https:\/\/images.futebolinterior.com.br\/2021\/04\/0002050350124_img-300x200.jpg","resumo":"Emprestado pela Raposa, o jogador de 22 anos garante estar focado apenas no Atl\u00e9tico-GO neste fim de temporada"},"360646":{"titulo":"Vanderlei quer 'melhores jogos da carreira' para levar o Santos \u00e0 Libertadores","link":"https:\/\/www.futebolinterior.com.br\/vanderlei-quer-melhores-jogos-da-carreira-para-levar-o-santos-a-libertadores\/","chapeu":"RUMO \u00c0 COPA!","data":"24\/10\/2018","imagem":"https:\/\/images.futebolinterior.com.br\/2021\/04\/0002050350118_img-300x130.jpg","resumo":"Os principais campeonatos organizados pela Confedera\u00e7\u00e3o Brasileira de Futebol s\u00e3o acompanhados online pelo Portal Futebol Interior"},"360663":{"titulo":"Carli quer que Botafogo 'd\u00ea um algo a mais' para fugir do risco de rebaixamento","link":"https:\/\/www.futebolinterior.com.br\/carli-quer-que-botafogo-de-um-algo-a-mais-para-fugir-do-risco-de-rebaixamento\/","chapeu":"PARA VENCER","data":"24\/10\/2018","imagem":"https:\/\/images.futebolinterior.com.br\/2021\/04\/0002050350040_img-300x168.jpg","resumo":"A come\u00e7ar no duelo contra o Atl\u00e9tico-PR, neste s\u00e1bado, na Arena Baixada, em Curitiba, pela 30.\u00aa rodada"},"360697":{"titulo":"Para sair do Z4, Cear\u00e1 desafia tabu para vencer o Cruzeiro no Mineir\u00e3o","link":"https:\/\/www.futebolinterior.com.br\/para-sair-do-z4-ceara-desafia-tabu-para-vencer-o-cruzeiro-no-mineirao\/","chapeu":"COM TUDO","data":"24\/10\/2018","imagem":"https:\/\/images.futebolinterior.com.br\/2021\/04\/0002050350013_img-300x249.jpg","resumo":"No primeiro turno da competi\u00e7\u00e3o atual, com gol de Sass\u00e1, aos 18 minutos do primeiro tempo, a Raposa venceu por 1 a 0"},"360699":{"titulo":"Gabriel n\u00e3o deve continuar no Santos em 2019, mas presidente promete lutar","link":"https:\/\/www.futebolinterior.com.br\/gabriel-nao-deve-continuar-no-santos-em-2019-mas-presidente-promete-lutar\/","chapeu":"N\u00c3O V\u00c1","data":"24\/10\/2018","imagem":"https:\/\/images.futebolinterior.com.br\/2021\/04\/0002050350012_img-300x201.jpg","resumo":"Artilheiro do Campeonato Brasileiro, Gabriel n\u00e3o deve continuar no Santos para a pr\u00f3xima temporada"},"360727":{"titulo":"Ap\u00f3s imbr\u00f3glio, Corinthians v\u00ea press\u00e3o de agente para negociar Pedrinho","link":"https:\/\/www.futebolinterior.com.br\/apos-imbroglio-corinthians-ve-pressao-de-agente-para-negociar-pedrinho\/","chapeu":"EM CIMA","data":"24\/10\/2018","imagem":"https:\/\/images.futebolinterior.com.br\/2021\/04\/0002050350003_img-300x225.jpg","resumo":"PSG, Barcelona, times da China e da Holanda j\u00e1 entraram em contato com representantes do time paulista"}}