{"360549":{"titulo":"Jos\u00e9 Maria Marin 'troca de casa' nos Estados Unidos, mas segue preso por corrup\u00e7\u00e3o","link":"https:\/\/www.futebolinterior.com.br\/jose-maria-marin-troca-de-casa-nos-estados-unidos-mas-segue-preso-por-corrupcao\/","chapeu":"\u00c1GUA PRO VINHO","data":"24\/10\/2018","imagem":"https:\/\/images.futebolinterior.com.br\/2021\/04\/0002050350238_img-284x300.jpg","resumo":"Cartola foi condenado por quatro anos e j\u00e1 cumpriu 38 meses. Faltam portanto mais 14 meses."},"360562":{"titulo":"Mano Menezes \u00e9 obrigado a explicar de novo as aus\u00eancias de dois titulares no Cruzeiro","link":"https:\/\/www.futebolinterior.com.br\/mano-menezes-e-obrigado-a-explicar-de-novo-as-ausencias-de-dois-titulares-no-cruzeiro\/","chapeu":"PE\u00c7AS POUPADAS","data":"24\/10\/2018","imagem":"https:\/\/images.futebolinterior.com.br\/2021\/04\/0002050350211_img-300x219.jpg","resumo":"As bolas da vez foram o zagueiro Ded\u00e9 e o meia-atacante Arrascaeta. O meia Thiago Neves deve ser o pr\u00f3ximo no rod\u00edzio"},"360569":{"titulo":"Henrique lamenta derrota do Cruzeiro em noite de homenagens ao goleiro F\u00e1bio","link":"https:\/\/www.futebolinterior.com.br\/henrique-lamenta-derrota-do-cruzeiro-em-noite-de-homenagens-ao-goleiro-fabio\/","chapeu":"RECORDISTA","data":"24\/10\/2018","imagem":0,"resumo":"O goleiro comemorou a marca de 800 jogos com a camisa do clube mineiro"},"360564":{"titulo":"Her\u00f3i do Cear\u00e1 contra o Cruzeiro, Arthur comemora fim do jejum de vit\u00f3rias","link":"https:\/\/www.futebolinterior.com.br\/heroi-do-ceara-contra-o-cruzeiro-arthur-comemora-fim-do-jejum-de-vitorias\/","chapeu":"S\u00d3 ALEGRIA","data":"24\/10\/2018","imagem":0,"resumo":"A vit\u00f3ria por 2 a 0 em pleno Mineir\u00e3o tira o Voz\u00e3o da zona de rebaixamento do Brasileir\u00e3o"},"360573":{"titulo":"Cruzeiro 0 x 2 Cear\u00e1 - Voz\u00e3o carimba faixa e escapa da zona do rebaixamento","link":"https:\/\/www.futebolinterior.com.br\/cruzeiro-0-x-2-ceara-vozao-carimba-faixa-e-escapa-da-zona-do-rebaixamento\/","chapeu":"X\u00d4, ZICA!","data":"24\/10\/2018","imagem":0,"resumo":"A equipe cearense chegou a 34 pontos, um a mais do que o Vit\u00f3ria, que \u00e9 o primeiro time dentro do Z4"},"360588":{"titulo":"Michel Macedo culpa antigo empres\u00e1rio por demora no acerto com Corinthians","link":"https:\/\/www.futebolinterior.com.br\/michel-macedo-culpa-antigo-empresario-por-demora-no-acerto-com-corinthians\/","chapeu":"QUE FASE!","data":"24\/10\/2018","imagem":"https:\/\/images.futebolinterior.com.br\/2021\/04\/0002050350170_img-300x169.jpg","resumo":"O novo refor\u00e7o poder\u00e1 estrear somente no Campeonato Paulista do pr\u00f3ximo ano"},"360598":{"titulo":"No Inter, D\u00b4Alessandro critica arbitragem: 'Dif\u00edcil brigar contra paulista e carioca'","link":"https:\/\/www.futebolinterior.com.br\/no-inter-dalessandro-critica-arbitragem-dificil-brigar-contra-paulista-e-carioca\/","chapeu":"PERSEGUI\u00c7\u00c3O ?","data":"24\/10\/2018","imagem":"https:\/\/images.futebolinterior.com.br\/2021\/04\/0002050350167_img-300x197.jpg","resumo":"Ele soltou o verbo, citando algumas decis\u00f5es que prejudicaram o time ga\u00facho, especialmente nos \u00faltimos jogos. "},"360596":{"titulo":"Levir indica Atl\u00e9tico-MG com Hulk na vaga de F\u00e1bio Santos para pegar o Cear\u00e1","link":"https:\/\/www.futebolinterior.com.br\/levir-indica-atletico-mg-com-hulk-na-vaga-de-fabio-santos-para-pegar-o-ceara\/","chapeu":"MUDAN\u00c7A","data":"24\/10\/2018","imagem":"https:\/\/images.futebolinterior.com.br\/2021\/04\/0002050350166_img-300x200.jpg","resumo":"De resto, t\u00e9cnico deve optar pelos mesmos nomes que vinham atuando com Larghi e que venceram apenas uma das \u00faltimas seis partidas"},"360605":{"titulo":"Ap\u00f3s pol\u00eamica, goleiro Diego Alves treina normalmente no Flamengo","link":"https:\/\/www.futebolinterior.com.br\/apos-polemica-goleiro-diego-alves-treina-normalmente-no-flamengo\/","chapeu":"TUDO CERTO?","data":"24\/10\/2018","imagem":"https:\/\/images.futebolinterior.com.br\/2021\/04\/0002050350165_img-300x169.jpg","resumo":"O jogador, por\u00e9m, ainda n\u00e3o sabe se ser\u00e1 relacionado pelo t\u00e9cnico Dorival J\u00fanior"},"360592":{"titulo":"Alo\u00edsio Chulapa ganha apoio de Neto e outros famosos para continuar no 'A Fazenda'","link":"https:\/\/www.futebolinterior.com.br\/aloisio-chulapa-ganha-apoio-de-neto-e-outros-famosos-para-continuar-no-a-fazenda\/","chapeu":"OPA!","data":"24\/10\/2018","imagem":"https:\/\/images.futebolinterior.com.br\/2021\/04\/0002050350163_img-300x177.jpg","resumo":"A elimina\u00e7\u00e3o entre o ex-jogador e Nadja Pessoa acontecer\u00e1 na pr\u00f3xima quinta-feira"}}